{"id":99974,"date":"2022-03-08T15:01:54","date_gmt":"2022-03-08T14:01:54","guid":{"rendered":"http:\/\/www.messinaoggi.it\/website\/?p=99974"},"modified":"2022-03-08T15:05:49","modified_gmt":"2022-03-08T14:05:49","slug":"musumeci-amministrative-a-maggio-in-sicilia","status":"publish","type":"post","link":"https:\/\/www.messinaoggi.it\/website\/2022\/03\/08\/musumeci-amministrative-a-maggio-in-sicilia\/","title":{"rendered":"Musumeci: &#8220;Amministrative a maggio in Sicilia&#8221;"},"content":{"rendered":"\n<p>Le elezioni amministrative si  dovrebbero tenere in primavera, presumibilmente nel mese di maggio, mentre a meta&#8217; giugno potrebbe esserci il ballottaggio.\u00a0A confermare questo orientamento \u00e8 il presidente della Regione siciliana, Nello Musumeci, a Messina, per un incontro in prefettura per gli interventi sull&#8217;emissione di gas nell&#8217;isola di\u00a0<strong>Vulcano<\/strong>. Il governatore parlando con i giornalisti si \u00e8 soffermato sulle elezioni: &#8220;Per le amministrative l&#8217;orientamento e&#8217; di evitare che il ballottaggio debba andare alla fine di giugno perch\u00e8 da noi in quel periodo si \u00e8 tutti in vacanza quindi l&#8217;obiettivo \u00e8 che si tenga entro meta&#8217; giugno il ballottaggio&#8221;.<div id=\"div-gpt-ad-Messinaoggi.it-DSK-300x250-corpoart\" style=\"text-align:center;margin:0 auto;\"><\/div><\/p>\n\n\n\n<p>Poi ha aggiunto: &#8220;C&#8217;e&#8217; un solo turno, quello primaverile a meno che da Roma non dovessero arrivare delle indicazioni per il referendum a quel punto tenteremo di renderli compatibili, ma come si sa, in materia elettorale di enti locali noi siamo rispettosi&#8221;.<div id=\"videoincontent\" style=\"clear:both\";><\/div><\/p>\n","protected":false},"excerpt":{"rendered":"<p>Le elezioni amministrative si dovrebbero tenere in primavera, presumibilmente nel mese di maggio, mentre a meta&#8217; giugno potrebbe esserci il ballottaggio.\u00a0A confermare questo orientamento \u00e8 il presidente della Regione siciliana, Nello Musumeci, a Messina, per un incontro in prefettura per gli interventi sull&#8217;emissione di gas nell&#8217;isola di\u00a0Vulcano. Il governatore parlando con i giornalisti si \u00e8 [&hellip;]<\/p>\n","protected":false},"author":2,"featured_media":75252,"comment_status":"open","ping_status":"open","sticky":false,"template":"","format":"standard","meta":{"ub_ctt_via":"","_mi_skip_tracking":false},"categories":[19],"tags":[3209,4107,593],"featured_image_src":"https:\/\/www.messinaoggi.it\/website\/wp-content\/uploads\/2021\/08\/20210801_0415.jpg","author_info":{"display_name":"Redazione","author_link":"https:\/\/www.messinaoggi.it\/website\/author\/redazione\/"},"digistream_id":0,"digistream":false,"_links":{"self":[{"href":"https:\/\/www.messinaoggi.it\/website\/wp-json\/wp\/v2\/posts\/99974"}],"collection":[{"href":"https:\/\/www.messinaoggi.it\/website\/wp-json\/wp\/v2\/posts"}],"about":[{"href":"https:\/\/www.messinaoggi.it\/website\/wp-json\/wp\/v2\/types\/post"}],"author":[{"embeddable":true,"href":"https:\/\/www.messinaoggi.it\/website\/wp-json\/wp\/v2\/users\/2"}],"replies":[{"embeddable":true,"href":"https:\/\/www.messinaoggi.it\/website\/wp-json\/wp\/v2\/comments?post=99974"}],"version-history":[{"count":1,"href":"https:\/\/www.messinaoggi.it\/website\/wp-json\/wp\/v2\/posts\/99974\/revisions"}],"predecessor-version":[{"id":99975,"href":"https:\/\/www.messinaoggi.it\/website\/wp-json\/wp\/v2\/posts\/99974\/revisions\/99975"}],"wp:featuredmedia":[{"embeddable":true,"href":"https:\/\/www.messinaoggi.it\/website\/wp-json\/wp\/v2\/media\/75252"}],"wp:attachment":[{"href":"https:\/\/www.messinaoggi.it\/website\/wp-json\/wp\/v2\/media?parent=99974"}],"wp:term":[{"taxonomy":"category","embeddable":true,"href":"https:\/\/www.messinaoggi.it\/website\/wp-json\/wp\/v2\/categories?post=99974"},{"taxonomy":"post_tag","embeddable":true,"href":"https:\/\/www.messinaoggi.it\/website\/wp-json\/wp\/v2\/tags?post=99974"}],"curies":[{"name":"wp","href":"https:\/\/api.w.org\/{rel}","templated":true}]}}