{"id":9991,"date":"2017-10-20T10:56:12","date_gmt":"2017-10-20T08:56:12","guid":{"rendered":"http:\/\/www.messinaoggi.it\/website\/?p=9991"},"modified":"2017-10-20T10:56:12","modified_gmt":"2017-10-20T08:56:12","slug":"morte-del-piccolo-giovannino-domani-fiaccolata-in-sua-memoria","status":"publish","type":"post","link":"https:\/\/www.messinaoggi.it\/website\/2017\/10\/20\/morte-del-piccolo-giovannino-domani-fiaccolata-in-sua-memoria\/","title":{"rendered":"Morte del piccolo Giovannino, domani fiaccolata in sua memoria"},"content":{"rendered":"<p style=\"text-align: justify\"><span style=\"font-family: 'Times New Roman', serif\"><span style=\"font-size: medium\">Non far spegnere i riflettori su quanto accaduto. \u00c8 questo il motivo per il quale sar\u00e0 realizzata domani sera, dalle 19:15, davanti alla chiesa di Santa Maria del Ges\u00f9 a Provinciale una fiaccolata organizzata dall&#8217;associazione &#8220;Donare \u00e8 vita&#8221; in memoria di Giovannino, il bimbo nato all&#8217;Ospedale Papardo e morto dopo poco meno di cinque giorni al reparto di terapia intensiva neonatale del Policlinico di Messina, per le complicanze insorte alla nascita;\u00a0una vicenda per la quale i genitori Luciano e Valentina, che hanno apprezzato l&#8217;iniziativa, chiedono giustizia.<\/span><\/span><div id=\"div-gpt-ad-Messinaoggi.it-DSK-300x250-corpoart\" style=\"text-align:center;margin:0 auto;\"><\/div><\/p>\n<p><span style=\"font-size: medium\"><span style=\"font-family: 'Times New Roman', serif\">La fiaccolata si snoder\u00e0 da Provinciale fino alla chiesa di Sant&#8217;Antonio, passando dal viale San Martino, Villa Dante, Viale Europa, dalla via Cesare Battisti e arrivo in chiesa.<\/span><\/span><div id=\"videoincontent\" style=\"clear:both\";><\/div><\/p>\n","protected":false},"excerpt":{"rendered":"<p>Non far spegnere i riflettori su quanto accaduto. \u00c8 questo il motivo per il quale sar\u00e0 realizzata domani sera, dalle 19:15, davanti alla chiesa di Santa Maria del Ges\u00f9 a Provinciale una fiaccolata organizzata dall&#8217;associazione &#8220;Donare \u00e8 vita&#8221; in memoria di Giovannino, il bimbo nato all&#8217;Ospedale Papardo e morto dopo poco meno di cinque giorni [&hellip;]<\/p>\n","protected":false},"author":8,"featured_media":9992,"comment_status":"closed","ping_status":"open","sticky":false,"template":"","format":"standard","meta":{"ub_ctt_via":"","_mi_skip_tracking":false},"categories":[5],"tags":[],"featured_image_src":"https:\/\/www.messinaoggi.it\/website\/wp-content\/uploads\/2017\/10\/fiaccolata.jpg","author_info":{"display_name":"red..me","author_link":"https:\/\/www.messinaoggi.it\/website\/author\/redstage\/"},"digistream_id":0,"digistream":false,"_links":{"self":[{"href":"https:\/\/www.messinaoggi.it\/website\/wp-json\/wp\/v2\/posts\/9991"}],"collection":[{"href":"https:\/\/www.messinaoggi.it\/website\/wp-json\/wp\/v2\/posts"}],"about":[{"href":"https:\/\/www.messinaoggi.it\/website\/wp-json\/wp\/v2\/types\/post"}],"author":[{"embeddable":true,"href":"https:\/\/www.messinaoggi.it\/website\/wp-json\/wp\/v2\/users\/8"}],"replies":[{"embeddable":true,"href":"https:\/\/www.messinaoggi.it\/website\/wp-json\/wp\/v2\/comments?post=9991"}],"version-history":[{"count":0,"href":"https:\/\/www.messinaoggi.it\/website\/wp-json\/wp\/v2\/posts\/9991\/revisions"}],"wp:featuredmedia":[{"embeddable":true,"href":"https:\/\/www.messinaoggi.it\/website\/wp-json\/wp\/v2\/media\/9992"}],"wp:attachment":[{"href":"https:\/\/www.messinaoggi.it\/website\/wp-json\/wp\/v2\/media?parent=9991"}],"wp:term":[{"taxonomy":"category","embeddable":true,"href":"https:\/\/www.messinaoggi.it\/website\/wp-json\/wp\/v2\/categories?post=9991"},{"taxonomy":"post_tag","embeddable":true,"href":"https:\/\/www.messinaoggi.it\/website\/wp-json\/wp\/v2\/tags?post=9991"}],"curies":[{"name":"wp","href":"https:\/\/api.w.org\/{rel}","templated":true}]}}