{"id":99892,"date":"2022-03-07T20:59:08","date_gmt":"2022-03-07T19:59:08","guid":{"rendered":"http:\/\/www.messinaoggi.it\/website\/?p=99892"},"modified":"2022-03-07T20:59:09","modified_gmt":"2022-03-07T19:59:09","slug":"vulcano-musumeci-riunisce-il-comitato-per-lemissione-di-gas","status":"publish","type":"post","link":"https:\/\/www.messinaoggi.it\/website\/2022\/03\/07\/vulcano-musumeci-riunisce-il-comitato-per-lemissione-di-gas\/","title":{"rendered":"Vulcano, Musumeci riunisce il comitato per l&#8217;emissione di gas"},"content":{"rendered":"\n<p>Domani, marted\u00ec 8 marzo, il presidente della Regione Siciliana Nello Musumeci, in qualit\u00e0 di commissario delegato, riunir\u00e0 in prefettura a\u00a0<strong>MESSINA<\/strong>\u00a0il Comitato per il coordinamento delle misure per la tutela della salute e l&#8217;incolumit\u00e0 pubblica in merito agli interventi urgenti per le emissioni di gas tossici nell&#8217;isola di Vulcano, alle Eolie.\u00a0<div id=\"div-gpt-ad-Messinaoggi.it-DSK-300x250-corpoart\" style=\"text-align:center;margin:0 auto;\"><\/div><\/p>\n\n\n\n<p>Al termine della riunione, alle 12, il governatore incontrer\u00e0 i giornalisti.<div id=\"videoincontent\" style=\"clear:both\";><\/div><\/p>\n","protected":false},"excerpt":{"rendered":"<p>Domani, marted\u00ec 8 marzo, il presidente della Regione Siciliana Nello Musumeci, in qualit\u00e0 di commissario delegato, riunir\u00e0 in prefettura a\u00a0MESSINA\u00a0il Comitato per il coordinamento delle misure per la tutela della salute e l&#8217;incolumit\u00e0 pubblica in merito agli interventi urgenti per le emissioni di gas tossici nell&#8217;isola di Vulcano, alle Eolie.\u00a0 Al termine della riunione, alle [&hellip;]<\/p>\n","protected":false},"author":2,"featured_media":88026,"comment_status":"open","ping_status":"open","sticky":false,"template":"","format":"standard","meta":{"ub_ctt_via":"","_mi_skip_tracking":false},"categories":[13,14],"tags":[3545,4095,2087],"featured_image_src":"https:\/\/www.messinaoggi.it\/website\/wp-content\/uploads\/2021\/11\/IMG-20211119-WA0055.jpg","author_info":{"display_name":"Redazione","author_link":"https:\/\/www.messinaoggi.it\/website\/author\/redazione\/"},"digistream_id":0,"digistream":false,"_links":{"self":[{"href":"https:\/\/www.messinaoggi.it\/website\/wp-json\/wp\/v2\/posts\/99892"}],"collection":[{"href":"https:\/\/www.messinaoggi.it\/website\/wp-json\/wp\/v2\/posts"}],"about":[{"href":"https:\/\/www.messinaoggi.it\/website\/wp-json\/wp\/v2\/types\/post"}],"author":[{"embeddable":true,"href":"https:\/\/www.messinaoggi.it\/website\/wp-json\/wp\/v2\/users\/2"}],"replies":[{"embeddable":true,"href":"https:\/\/www.messinaoggi.it\/website\/wp-json\/wp\/v2\/comments?post=99892"}],"version-history":[{"count":1,"href":"https:\/\/www.messinaoggi.it\/website\/wp-json\/wp\/v2\/posts\/99892\/revisions"}],"predecessor-version":[{"id":99893,"href":"https:\/\/www.messinaoggi.it\/website\/wp-json\/wp\/v2\/posts\/99892\/revisions\/99893"}],"wp:featuredmedia":[{"embeddable":true,"href":"https:\/\/www.messinaoggi.it\/website\/wp-json\/wp\/v2\/media\/88026"}],"wp:attachment":[{"href":"https:\/\/www.messinaoggi.it\/website\/wp-json\/wp\/v2\/media?parent=99892"}],"wp:term":[{"taxonomy":"category","embeddable":true,"href":"https:\/\/www.messinaoggi.it\/website\/wp-json\/wp\/v2\/categories?post=99892"},{"taxonomy":"post_tag","embeddable":true,"href":"https:\/\/www.messinaoggi.it\/website\/wp-json\/wp\/v2\/tags?post=99892"}],"curies":[{"name":"wp","href":"https:\/\/api.w.org\/{rel}","templated":true}]}}