{"id":99774,"date":"2022-03-07T11:50:49","date_gmt":"2022-03-07T10:50:49","guid":{"rendered":"http:\/\/www.messinaoggi.it\/website\/?p=99774"},"modified":"2022-03-07T11:50:51","modified_gmt":"2022-03-07T10:50:51","slug":"inclusione-migranti-incontro-tra-unime-e-delegazione-turca","status":"publish","type":"post","link":"https:\/\/www.messinaoggi.it\/website\/2022\/03\/07\/inclusione-migranti-incontro-tra-unime-e-delegazione-turca\/","title":{"rendered":"Inclusione migranti, incontro tra Unime e delegazione turca"},"content":{"rendered":"\n<p>Nell\u2019ambito del progetto Erasmus+ \u201cSocial Inclusion of Refugee Youth Through Social Entrepreneurship\u201d, che per Unime \u00e8 gestito dal CEMI (Centro per la migrazione, l\u2019integrazione sociale e la Comunicazione interculturale), si \u00e8 svolto questa mattina presso la Sala Senato dell\u2019Ateneo un importante incontro operativo che segna un ulteriore passo di Unime per l\u2019inclusione dei migranti.<div id=\"div-gpt-ad-Messinaoggi.it-DSK-300x250-corpoart\" style=\"text-align:center;margin:0 auto;\"><\/div><\/p>\n\n\n\n<p>Il Progetto affronta la tematica dell\u2019inclusione dei migranti attraverso esperienze di imprenditoria sociale ed in quest\u2019ambito \u00e8 gi\u00e0 stata pubblicata una raccolta saggi che ne costituisce l\u2019intellectual output.<div id=\"videoincontent\" style=\"clear:both\";><\/div><\/p>\n\n\n\n<p>All\u2019incontro hanno preso parte il Prorettore all\u2019Internazionalizzazione, prof. Antonino German\u00e0, il prof. Antonio Cappuccio del Consiglio di Presidenza CEMI e una delegazione turca composta dal dr. G\u00f6k\u00e7e Ok, Director, Presidency of Migration Management of Turkish Republic, dal prof. \u015eevket \u00d6kten, Director, Social Science Institute of Harran University, dal dr. Hakan G\u00fclerce, Director, Harran University Migration Policy Application and Research Center e da Ms. Rukiye G\u00fclerce, Representative, Horizon Association.<\/p>\n\n\n\n<p>\u201cSi tratta di un incontro operativo di un progetto europeo che coinvolge anche le Universit\u00e0 di Grecia e Turchia- ha sottolineato il Prorettore German\u00e0- e che si inserisce in un contesto particolare. Come abbiamo gi\u00e0 fatto con gli studenti afghani e come stiamo per fare con gli studenti ucraini, stiamo lavorando molto per favorire l\u2019inclusione sociale di tanti giovani, favorendone sia la formazione che l\u2019autoimprenditorialit\u00e0\u201d<\/p>\n\n\n\n<p>Il project meeting odierno ha avuto lo scopo funzionale di organizzare la successiva attivit\u00e0 che prevede l\u2019arrivo di un gruppo di studenti dalla Turchia presso l\u2019Universit\u00e0 di Messina per partecipare ad attivit\u00e0 formative sull\u2019inclusione dei migranti. Nel pomeriggio la delegazione turca incontrer\u00e0 i dottorandi di Scienze politiche presso i locali dello Scipog.<\/p>\n","protected":false},"excerpt":{"rendered":"<p>Nell\u2019ambito del progetto Erasmus+ \u201cSocial Inclusion of Refugee Youth Through Social Entrepreneurship\u201d, che per Unime \u00e8 gestito dal CEMI (Centro per la migrazione, l\u2019integrazione sociale e la Comunicazione interculturale), si \u00e8 svolto questa mattina presso la Sala Senato dell\u2019Ateneo un importante incontro operativo che segna un ulteriore passo di Unime per l\u2019inclusione dei migranti. Il [&hellip;]<\/p>\n","protected":false},"author":8,"featured_media":99775,"comment_status":"open","ping_status":"open","sticky":false,"template":"","format":"standard","meta":{"ub_ctt_via":"","_mi_skip_tracking":false},"categories":[7],"tags":[4090,814],"featured_image_src":"https:\/\/www.messinaoggi.it\/website\/wp-content\/uploads\/2022\/03\/foto.jpg","author_info":{"display_name":"red..me","author_link":"https:\/\/www.messinaoggi.it\/website\/author\/redstage\/"},"digistream_id":0,"digistream":false,"_links":{"self":[{"href":"https:\/\/www.messinaoggi.it\/website\/wp-json\/wp\/v2\/posts\/99774"}],"collection":[{"href":"https:\/\/www.messinaoggi.it\/website\/wp-json\/wp\/v2\/posts"}],"about":[{"href":"https:\/\/www.messinaoggi.it\/website\/wp-json\/wp\/v2\/types\/post"}],"author":[{"embeddable":true,"href":"https:\/\/www.messinaoggi.it\/website\/wp-json\/wp\/v2\/users\/8"}],"replies":[{"embeddable":true,"href":"https:\/\/www.messinaoggi.it\/website\/wp-json\/wp\/v2\/comments?post=99774"}],"version-history":[{"count":1,"href":"https:\/\/www.messinaoggi.it\/website\/wp-json\/wp\/v2\/posts\/99774\/revisions"}],"predecessor-version":[{"id":99776,"href":"https:\/\/www.messinaoggi.it\/website\/wp-json\/wp\/v2\/posts\/99774\/revisions\/99776"}],"wp:featuredmedia":[{"embeddable":true,"href":"https:\/\/www.messinaoggi.it\/website\/wp-json\/wp\/v2\/media\/99775"}],"wp:attachment":[{"href":"https:\/\/www.messinaoggi.it\/website\/wp-json\/wp\/v2\/media?parent=99774"}],"wp:term":[{"taxonomy":"category","embeddable":true,"href":"https:\/\/www.messinaoggi.it\/website\/wp-json\/wp\/v2\/categories?post=99774"},{"taxonomy":"post_tag","embeddable":true,"href":"https:\/\/www.messinaoggi.it\/website\/wp-json\/wp\/v2\/tags?post=99774"}],"curies":[{"name":"wp","href":"https:\/\/api.w.org\/{rel}","templated":true}]}}