{"id":99747,"date":"2022-03-06T22:07:34","date_gmt":"2022-03-06T21:07:34","guid":{"rendered":"https:\/\/www.messinaoggi.it\/website\/2022\/03\/06\/ucraina-di-maio-ce-spazio-solo-per-la-diplomazia\/"},"modified":"2022-03-06T22:07:34","modified_gmt":"2022-03-06T21:07:34","slug":"ucraina-di-maio-ce-spazio-solo-per-la-diplomazia","status":"publish","type":"post","link":"https:\/\/www.messinaoggi.it\/website\/2022\/03\/06\/ucraina-di-maio-ce-spazio-solo-per-la-diplomazia\/","title":{"rendered":"Ucraina, Di Maio: \u201cC\u2019\u00e8 spazio solo per la diplomazia\u201d"},"content":{"rendered":"<div>ROMA (ITALPRESS) &#8211; &#8220;C&#8217;\u00e8 solo spazio per la diplomazia, non possiamo immaginare una soluzione diversa, ma la diplomazia ha bisogno di tempo. Si parla erroneamente di un ritorno alla guerra fredda, ma non c&#8217;\u00e8 un Est contro Ovest. Io personalmente ho firmato, in rappresentanza dell&#8217;Italia, per accertare se ci sono crimini contro l&#8217;umanit\u00e0 e ho votato per una commissione d&#8217;inchiesta, non sono atti risolutivi, ma sono importanti. Putin credeva di avere una parte del mondo con s\u00e8 invece \u00e8 isolato&#8221;. Cos\u00ec Luigi Di Maio, ministro degli Esteri, a &#8220;Che Tempo che Fa&#8221; su Rai3. <br \/>(ITALPRESS).<\/div>\n<div id=\"div-gpt-ad-Messinaoggi.it-DSK-300x250-corpoart\" style=\"text-align:center;margin:0 auto;\"><\/div><\/p><div id=\"videoincontent\" style=\"clear:both\";><\/div>","protected":false},"excerpt":{"rendered":"<p>ROMA (ITALPRESS) &#8211; &#8220;C&#8217;\u00e8 solo spazio per la diplomazia, non possiamo immaginare una soluzione diversa, ma la diplomazia ha bisogno di tempo. Si parla erroneamente di un ritorno alla guerra fredda, ma non c&#8217;\u00e8 un Est contro Ovest. Io personalmente ho firmato, in rappresentanza dell&#8217;Italia, per accertare se ci sono crimini contro l&#8217;umanit\u00e0 e ho [&hellip;]<\/p>\n","protected":false},"author":18,"featured_media":99748,"comment_status":"closed","ping_status":"closed","sticky":false,"template":"","format":"standard","meta":{"ub_ctt_via":"","_mi_skip_tracking":false},"categories":[446],"tags":[783],"featured_image_src":"https:\/\/www.messinaoggi.it\/website\/wp-content\/uploads\/2022\/03\/20220306_2063.jpg","author_info":{"display_name":"Admin","author_link":"https:\/\/www.messinaoggi.it\/website\/author\/admin\/"},"digistream_id":0,"digistream":false,"_links":{"self":[{"href":"https:\/\/www.messinaoggi.it\/website\/wp-json\/wp\/v2\/posts\/99747"}],"collection":[{"href":"https:\/\/www.messinaoggi.it\/website\/wp-json\/wp\/v2\/posts"}],"about":[{"href":"https:\/\/www.messinaoggi.it\/website\/wp-json\/wp\/v2\/types\/post"}],"author":[{"embeddable":true,"href":"https:\/\/www.messinaoggi.it\/website\/wp-json\/wp\/v2\/users\/18"}],"replies":[{"embeddable":true,"href":"https:\/\/www.messinaoggi.it\/website\/wp-json\/wp\/v2\/comments?post=99747"}],"version-history":[{"count":0,"href":"https:\/\/www.messinaoggi.it\/website\/wp-json\/wp\/v2\/posts\/99747\/revisions"}],"wp:featuredmedia":[{"embeddable":true,"href":"https:\/\/www.messinaoggi.it\/website\/wp-json\/wp\/v2\/media\/99748"}],"wp:attachment":[{"href":"https:\/\/www.messinaoggi.it\/website\/wp-json\/wp\/v2\/media?parent=99747"}],"wp:term":[{"taxonomy":"category","embeddable":true,"href":"https:\/\/www.messinaoggi.it\/website\/wp-json\/wp\/v2\/categories?post=99747"},{"taxonomy":"post_tag","embeddable":true,"href":"https:\/\/www.messinaoggi.it\/website\/wp-json\/wp\/v2\/tags?post=99747"}],"curies":[{"name":"wp","href":"https:\/\/api.w.org\/{rel}","templated":true}]}}