{"id":9966,"date":"2017-10-19T19:53:26","date_gmt":"2017-10-19T17:53:26","guid":{"rendered":"http:\/\/www.messinaoggi.it\/website\/?p=9966"},"modified":"2017-10-19T19:53:26","modified_gmt":"2017-10-19T17:53:26","slug":"ddl-cannabis-terapeutica-micari-lok-della-camera-e-un-caso-di-buona-politica","status":"publish","type":"post","link":"https:\/\/www.messinaoggi.it\/website\/2017\/10\/19\/ddl-cannabis-terapeutica-micari-lok-della-camera-e-un-caso-di-buona-politica\/","title":{"rendered":"Ddl cannabis terapeutica, Micari: &#039;L&#039;ok della Camera \u00e8 un caso di buona politica&#039;"},"content":{"rendered":"<p style=\"text-align: justify\">\u201c<span style=\"font-family: Arial, sans-serif\">Il voto favorevole della Camera dei Deputati che ha dato il via libera alla proposta di legge sull\u2019uso della cannabis a scopo terapeutico \u00e8 un esempio di buona politica. La scorsa settimana al convegno promosso dall\u2019Aisf, associazione italiana sindrome fibromialgica, una malattia cronica invalidante e dolorosa, avevo promesso che mi sarei fatto portavoce di questa battaglia di civilt\u00e0 al fianco dei malati, alla ricerca di uno strumento terapeutico valido nella terapia del dolore\u201d. Lo ha detto Il candidato alla Presidenza della Regione Siciliana Fabrizio Micari.<\/span><div id=\"div-gpt-ad-Messinaoggi.it-DSK-300x250-corpoart\" style=\"text-align:center;margin:0 auto;\"><\/div><\/p>\n<p style=\"text-align: justify\">\u201c<span style=\"font-family: Arial, sans-serif\">E\u2019 solo il primo passo di una grande battaglia per assicurare i diritto alla cura costituzionalmente sancito &#8211; ha continuato Micari &#8211; L\u2019impegno morale che ho preso durante il mio commovente incontro con i malati non si ferma, mi batter\u00f2 affinch\u00e9 la Sicilia si allinei alle 12 Regioni italiane in cui la cannabis terapeutica \u00e8 dispensata con ricetta, a prescindere dall\u2019approvazione o meno da parte del Senato della legge votata\u00a0oggi\u00a0\u00a0dalla Camera dei Deputati&#8221;.<\/span><div id=\"videoincontent\" style=\"clear:both\";><\/div><\/p>\n","protected":false},"excerpt":{"rendered":"<p>\u201cIl voto favorevole della Camera dei Deputati che ha dato il via libera alla proposta di legge sull\u2019uso della cannabis a scopo terapeutico \u00e8 un esempio di buona politica. La scorsa settimana al convegno promosso dall\u2019Aisf, associazione italiana sindrome fibromialgica, una malattia cronica invalidante e dolorosa, avevo promesso che mi sarei fatto portavoce di questa [&hellip;]<\/p>\n","protected":false},"author":8,"featured_media":9967,"comment_status":"closed","ping_status":"open","sticky":false,"template":"","format":"standard","meta":{"ub_ctt_via":"","_mi_skip_tracking":false},"categories":[4],"tags":[],"featured_image_src":"https:\/\/www.messinaoggi.it\/website\/wp-content\/uploads\/2017\/10\/cannabis-terapeutica.jpg","author_info":{"display_name":"red..me","author_link":"https:\/\/www.messinaoggi.it\/website\/author\/redstage\/"},"digistream_id":0,"digistream":false,"_links":{"self":[{"href":"https:\/\/www.messinaoggi.it\/website\/wp-json\/wp\/v2\/posts\/9966"}],"collection":[{"href":"https:\/\/www.messinaoggi.it\/website\/wp-json\/wp\/v2\/posts"}],"about":[{"href":"https:\/\/www.messinaoggi.it\/website\/wp-json\/wp\/v2\/types\/post"}],"author":[{"embeddable":true,"href":"https:\/\/www.messinaoggi.it\/website\/wp-json\/wp\/v2\/users\/8"}],"replies":[{"embeddable":true,"href":"https:\/\/www.messinaoggi.it\/website\/wp-json\/wp\/v2\/comments?post=9966"}],"version-history":[{"count":0,"href":"https:\/\/www.messinaoggi.it\/website\/wp-json\/wp\/v2\/posts\/9966\/revisions"}],"wp:featuredmedia":[{"embeddable":true,"href":"https:\/\/www.messinaoggi.it\/website\/wp-json\/wp\/v2\/media\/9967"}],"wp:attachment":[{"href":"https:\/\/www.messinaoggi.it\/website\/wp-json\/wp\/v2\/media?parent=9966"}],"wp:term":[{"taxonomy":"category","embeddable":true,"href":"https:\/\/www.messinaoggi.it\/website\/wp-json\/wp\/v2\/categories?post=9966"},{"taxonomy":"post_tag","embeddable":true,"href":"https:\/\/www.messinaoggi.it\/website\/wp-json\/wp\/v2\/tags?post=9966"}],"curies":[{"name":"wp","href":"https:\/\/api.w.org\/{rel}","templated":true}]}}