{"id":9960,"date":"2017-10-19T16:18:03","date_gmt":"2017-10-19T14:18:03","guid":{"rendered":"http:\/\/www.messinaoggi.it\/website\/?p=9960"},"modified":"2017-10-19T16:18:03","modified_gmt":"2017-10-19T14:18:03","slug":"sceglieteilfuturo-tour-movimento5stelle-in-corsa-per-regionali-e-comuni-peloritani","status":"publish","type":"post","link":"https:\/\/www.messinaoggi.it\/website\/2017\/10\/19\/sceglieteilfuturo-tour-movimento5stelle-in-corsa-per-regionali-e-comuni-peloritani\/","title":{"rendered":"#SceglieteilFuturo Tour, Movimento5Stelle in corsa per Regionali e comuni peloritani"},"content":{"rendered":"<p style=\"text-align: justify\">I deputati Alessio Villarosa e Francesco D\u2019Uva non smettono di girare nella provincia di Messina e accompagneranno, in questa sponsorizzazione per i Comuni messinesi, i candidati M5S alle prossime elezioni Regionali.<div id=\"div-gpt-ad-Messinaoggi.it-DSK-300x250-corpoart\" style=\"text-align:center;margin:0 auto;\"><\/div><\/p>\n<p style=\"text-align: justify\">Venerd\u00ec 20 ottobre alle ore 15:30, saranno all\u2019inaugurazione del comitato elettorale a Castell\u2019Umberto, per poi incontrare alle 16:30 i cittadini nella Villa Comunale.<div id=\"videoincontent\" style=\"clear:both\";><\/div><\/p>\n<p style=\"text-align: justify\">Sabato 21 ottobre, \u00e8 previsto un evento a Santo Stefano di Camastra, in piazza Belvedere alle ore 17:30.<\/p>\n<p style=\"text-align: justify\">Domenica 22 ottobre, invece, deputati e candidati saranno a Capo d\u2019Orlando ad incontrare gli attivisti e i cittadini, sar\u00e0 una buona occasione per conoscere i candidati, parlare dei problemi del territorio, di cosa \u00e8 gi\u00e0 stato fatto in Regione ed in Parlamento e di cosa si intende fare per migliorare la nostra amatissima Sicilia.<\/p>\n","protected":false},"excerpt":{"rendered":"<p>I deputati Alessio Villarosa e Francesco D\u2019Uva non smettono di girare nella provincia di Messina e accompagneranno, in questa sponsorizzazione per i Comuni messinesi, i candidati M5S alle prossime elezioni Regionali. Venerd\u00ec 20 ottobre alle ore 15:30, saranno all\u2019inaugurazione del comitato elettorale a Castell\u2019Umberto, per poi incontrare alle 16:30 i cittadini nella Villa Comunale. Sabato [&hellip;]<\/p>\n","protected":false},"author":7,"featured_media":9961,"comment_status":"closed","ping_status":"open","sticky":false,"template":"","format":"standard","meta":{"ub_ctt_via":"","_mi_skip_tracking":false},"categories":[5],"tags":[],"featured_image_src":"https:\/\/www.messinaoggi.it\/website\/wp-content\/uploads\/2017\/10\/locandina-tour-cinquestelle.jpg","author_info":{"display_name":"Redazione1","author_link":"https:\/\/www.messinaoggi.it\/website\/author\/redazione1\/"},"digistream_id":0,"digistream":false,"_links":{"self":[{"href":"https:\/\/www.messinaoggi.it\/website\/wp-json\/wp\/v2\/posts\/9960"}],"collection":[{"href":"https:\/\/www.messinaoggi.it\/website\/wp-json\/wp\/v2\/posts"}],"about":[{"href":"https:\/\/www.messinaoggi.it\/website\/wp-json\/wp\/v2\/types\/post"}],"author":[{"embeddable":true,"href":"https:\/\/www.messinaoggi.it\/website\/wp-json\/wp\/v2\/users\/7"}],"replies":[{"embeddable":true,"href":"https:\/\/www.messinaoggi.it\/website\/wp-json\/wp\/v2\/comments?post=9960"}],"version-history":[{"count":0,"href":"https:\/\/www.messinaoggi.it\/website\/wp-json\/wp\/v2\/posts\/9960\/revisions"}],"wp:featuredmedia":[{"embeddable":true,"href":"https:\/\/www.messinaoggi.it\/website\/wp-json\/wp\/v2\/media\/9961"}],"wp:attachment":[{"href":"https:\/\/www.messinaoggi.it\/website\/wp-json\/wp\/v2\/media?parent=9960"}],"wp:term":[{"taxonomy":"category","embeddable":true,"href":"https:\/\/www.messinaoggi.it\/website\/wp-json\/wp\/v2\/categories?post=9960"},{"taxonomy":"post_tag","embeddable":true,"href":"https:\/\/www.messinaoggi.it\/website\/wp-json\/wp\/v2\/tags?post=9960"}],"curies":[{"name":"wp","href":"https:\/\/api.w.org\/{rel}","templated":true}]}}