{"id":9955,"date":"2017-10-19T17:11:34","date_gmt":"2017-10-19T15:11:34","guid":{"rendered":"http:\/\/www.messinaoggi.it\/website\/?p=9955"},"modified":"2017-10-19T17:11:34","modified_gmt":"2017-10-19T15:11:34","slug":"crocetta-chiede-intervento-di-minniti-fava-una-carnevalata","status":"publish","type":"post","link":"https:\/\/www.messinaoggi.it\/website\/2017\/10\/19\/crocetta-chiede-intervento-di-minniti-fava-una-carnevalata\/","title":{"rendered":"Crocetta chiede intervento di Minniti, Fava: &quot;Una carnevalata&quot;"},"content":{"rendered":"<p>Ancora polemica sulle elezioni e il rischio di voto di scambio. Questa volta \u00e8 Fava a &#8220;punzecchiare&#8221; Crocetta dopo che ha chiesto invio commissione al ministro Minniti per vigilare sulle elezioni del 5 novembre.<br \/>\nCrocetta, che sta valutando &#8220;se la Regione siciliana abbia competenza a chiedere, in forza dell&#8217;autonomia speciale, l&#8217;intervento dell&#8217;Osce&#8221; chiede al capo del Viminale l&#8217;istituzione di &#8220;una commissione speciale composta da prefetti per il monitoraggio delle prossime elezioni siciliane&#8221;. &#8220;L&#8217;inquinamento del voto &#8211; aggiunge Fava &#8211; non si contrasta il giorno delle elezioni, controllando le cabine elettorali. La lotta al voto di scambio si fa preventivamente nella scelta dei candidati da inserire in lista&#8221;. Per il vice presidente della commissione parlamentare Antimafia, che nei giorni scorsi ha consegnato in prefettura a Palermo nelle mani di Rosy Bindi, un dossier sugli impresentabili nelle liste, il rischio che &#8220;Cosa nostra abbia i propri candidati nelle liste \u00e8 concreto&#8221;. L&#8217;istituzione adesso di &#8220;una task force&#8221;, per\u00f2, per Fava \u00e8 &#8220;inutile&#8221;. &#8220;Bisognava bonificare le liste da tutti quei candidati che possono diventare collettori di voto di scambio&#8221; conclude Fava.<div id=\"div-gpt-ad-Messinaoggi.it-DSK-300x250-corpoart\" style=\"text-align:center;margin:0 auto;\"><\/div><\/p>\n<div id=\"videoincontent\" style=\"clear:both\";><\/div>","protected":false},"excerpt":{"rendered":"<p>Ancora polemica sulle elezioni e il rischio di voto di scambio. Questa volta \u00e8 Fava a &#8220;punzecchiare&#8221; Crocetta dopo che ha chiesto invio commissione al ministro Minniti per vigilare sulle elezioni del 5 novembre. Crocetta, che sta valutando &#8220;se la Regione siciliana abbia competenza a chiedere, in forza dell&#8217;autonomia speciale, l&#8217;intervento dell&#8217;Osce&#8221; chiede al capo [&hellip;]<\/p>\n","protected":false},"author":2,"featured_media":8330,"comment_status":"closed","ping_status":"open","sticky":false,"template":"","format":"standard","meta":{"ub_ctt_via":"","_mi_skip_tracking":false},"categories":[4],"tags":[],"featured_image_src":"https:\/\/www.messinaoggi.it\/website\/wp-content\/uploads\/2017\/09\/claudio-fava-con-giuseppe-grioli-messinaoggiMR-2.jpg","author_info":{"display_name":"Redazione","author_link":"https:\/\/www.messinaoggi.it\/website\/author\/redazione\/"},"digistream_id":0,"digistream":false,"_links":{"self":[{"href":"https:\/\/www.messinaoggi.it\/website\/wp-json\/wp\/v2\/posts\/9955"}],"collection":[{"href":"https:\/\/www.messinaoggi.it\/website\/wp-json\/wp\/v2\/posts"}],"about":[{"href":"https:\/\/www.messinaoggi.it\/website\/wp-json\/wp\/v2\/types\/post"}],"author":[{"embeddable":true,"href":"https:\/\/www.messinaoggi.it\/website\/wp-json\/wp\/v2\/users\/2"}],"replies":[{"embeddable":true,"href":"https:\/\/www.messinaoggi.it\/website\/wp-json\/wp\/v2\/comments?post=9955"}],"version-history":[{"count":0,"href":"https:\/\/www.messinaoggi.it\/website\/wp-json\/wp\/v2\/posts\/9955\/revisions"}],"wp:featuredmedia":[{"embeddable":true,"href":"https:\/\/www.messinaoggi.it\/website\/wp-json\/wp\/v2\/media\/8330"}],"wp:attachment":[{"href":"https:\/\/www.messinaoggi.it\/website\/wp-json\/wp\/v2\/media?parent=9955"}],"wp:term":[{"taxonomy":"category","embeddable":true,"href":"https:\/\/www.messinaoggi.it\/website\/wp-json\/wp\/v2\/categories?post=9955"},{"taxonomy":"post_tag","embeddable":true,"href":"https:\/\/www.messinaoggi.it\/website\/wp-json\/wp\/v2\/tags?post=9955"}],"curies":[{"name":"wp","href":"https:\/\/api.w.org\/{rel}","templated":true}]}}