{"id":99549,"date":"2022-03-04T17:07:39","date_gmt":"2022-03-04T16:07:39","guid":{"rendered":"https:\/\/www.messinaoggi.it\/website\/2022\/03\/04\/ucraina-di-maio-lue-e-la-nato-parlano-con-una-sola-voce\/"},"modified":"2022-03-04T17:07:39","modified_gmt":"2022-03-04T16:07:39","slug":"ucraina-di-maio-lue-e-la-nato-parlano-con-una-sola-voce","status":"publish","type":"post","link":"https:\/\/www.messinaoggi.it\/website\/2022\/03\/04\/ucraina-di-maio-lue-e-la-nato-parlano-con-una-sola-voce\/","title":{"rendered":"Ucraina, Di Maio \u201cL\u2019Ue e la Nato parlano con una sola voce\u201d"},"content":{"rendered":"<div>BRUXELLES (BELGIO) (ITALPRESS) &#8211; &#8220;In questo momento non solo l&#8217;Unione Europea sta parlando con una sola voce e la Nato anche ma insieme stanno costituendo una sola voce. Questa unione \u00e8 il pi\u00f9 grande deterrente a far andare avanti Putin e dobbiamo continuare a dimostrarlo&#8221;. Cos\u00ec Luigi Di Maio, ministro degli Affari esteri e della cooperazione internazionale, a margine della riunione Nato a Bruxelles.<br \/>&#8220;L&#8217;Unione Europea dal mio punto di vista e da quello del governo italiano rappresenta la pi\u00f9 importante delle istituzioni di pace e dobbiamo continuare a renderla unita come abbiamo dimostrato ieri sulla Direttiva rifugiati e come stiamo dimostrando &#8211; ha proseguito -. Dobbiamo continuare ad implementare azioni comuni perch\u00e8 i russi, in particolare Putin, avevano scommesso sul dividere i paesi dell&#8217;Unione Europea e non ci sono riusciti. Non avendo raggiunto questo obiettivo il loro nervosismo \u00e8 evidente. I russi credevano di concludere il conflitto in due giorni e invece, grazie al Presidente Zelensky, al governo ucraino, all&#8217;esercito e al popolo ucraino questo non \u00e8 stato possibile, c&#8217;\u00e8 una resistenza europea in Ucraina che sta difendendo la democrazia perch\u00e8 la guerra di Putin \u00e8 contro la democrazia, non contro un popolo ma contro un modello&#8221;, ha aggiunto il ministro Di Maio.<br \/>(ITALPRESS).<\/div>\n<div id=\"div-gpt-ad-Messinaoggi.it-DSK-300x250-corpoart\" style=\"text-align:center;margin:0 auto;\"><\/div><\/p><div id=\"videoincontent\" style=\"clear:both\";><\/div>","protected":false},"excerpt":{"rendered":"<p>BRUXELLES (BELGIO) (ITALPRESS) &#8211; &#8220;In questo momento non solo l&#8217;Unione Europea sta parlando con una sola voce e la Nato anche ma insieme stanno costituendo una sola voce. Questa unione \u00e8 il pi\u00f9 grande deterrente a far andare avanti Putin e dobbiamo continuare a dimostrarlo&#8221;. Cos\u00ec Luigi Di Maio, ministro degli Affari esteri e della [&hellip;]<\/p>\n","protected":false},"author":18,"featured_media":99550,"comment_status":"closed","ping_status":"closed","sticky":false,"template":"","format":"standard","meta":{"ub_ctt_via":"","_mi_skip_tracking":false},"categories":[446],"tags":[783],"featured_image_src":"https:\/\/www.messinaoggi.it\/website\/wp-content\/uploads\/2022\/03\/20220304_1687.jpg","author_info":{"display_name":"Admin","author_link":"https:\/\/www.messinaoggi.it\/website\/author\/admin\/"},"digistream_id":0,"digistream":false,"_links":{"self":[{"href":"https:\/\/www.messinaoggi.it\/website\/wp-json\/wp\/v2\/posts\/99549"}],"collection":[{"href":"https:\/\/www.messinaoggi.it\/website\/wp-json\/wp\/v2\/posts"}],"about":[{"href":"https:\/\/www.messinaoggi.it\/website\/wp-json\/wp\/v2\/types\/post"}],"author":[{"embeddable":true,"href":"https:\/\/www.messinaoggi.it\/website\/wp-json\/wp\/v2\/users\/18"}],"replies":[{"embeddable":true,"href":"https:\/\/www.messinaoggi.it\/website\/wp-json\/wp\/v2\/comments?post=99549"}],"version-history":[{"count":0,"href":"https:\/\/www.messinaoggi.it\/website\/wp-json\/wp\/v2\/posts\/99549\/revisions"}],"wp:featuredmedia":[{"embeddable":true,"href":"https:\/\/www.messinaoggi.it\/website\/wp-json\/wp\/v2\/media\/99550"}],"wp:attachment":[{"href":"https:\/\/www.messinaoggi.it\/website\/wp-json\/wp\/v2\/media?parent=99549"}],"wp:term":[{"taxonomy":"category","embeddable":true,"href":"https:\/\/www.messinaoggi.it\/website\/wp-json\/wp\/v2\/categories?post=99549"},{"taxonomy":"post_tag","embeddable":true,"href":"https:\/\/www.messinaoggi.it\/website\/wp-json\/wp\/v2\/tags?post=99549"}],"curies":[{"name":"wp","href":"https:\/\/api.w.org\/{rel}","templated":true}]}}