{"id":99515,"date":"2022-03-04T14:07:37","date_gmt":"2022-03-04T13:07:37","guid":{"rendered":"https:\/\/www.messinaoggi.it\/website\/2022\/03\/04\/ucraina-casellati-litalia-in-prima-linea-per-lemergenza-umanitaria\/"},"modified":"2022-03-04T14:07:37","modified_gmt":"2022-03-04T13:07:37","slug":"ucraina-casellati-litalia-in-prima-linea-per-lemergenza-umanitaria","status":"publish","type":"post","link":"https:\/\/www.messinaoggi.it\/website\/2022\/03\/04\/ucraina-casellati-litalia-in-prima-linea-per-lemergenza-umanitaria\/","title":{"rendered":"Ucraina, Casellati \u201cL\u2019Italia in prima linea per l\u2019emergenza umanitaria\u201d"},"content":{"rendered":"<div>ROMA (ITALPRESS) &#8211; Il presidente del Senato Elisabetta Casellati, partecipando alla riunione straordinaria dei Presidenti dei Parlamenti europei alla presenza dello Speaker del Parlamento ucraino Ruslan Stefancuk, ha espresso &#8220;la sua solidariet\u00e0 e vicinanza al Parlamento e all&#8217;intero popolo ucraino&#8221; assicurando che &#8220;l&#8217;Italia \u00e8 in prima linea nella gestione dell&#8217;emergenza umanitaria ed \u00e8 pronta all&#8217;accoglienza&#8221;.<br \/>&#8220;L&#8217;invasione dell&#8217;Ucraina \u00e8 ingiustificata e inaccettabile e il Parlamento italiano l&#8217;ha condannata con fermezza&#8221;. Ma l&#8217;azione diplomatica e il dialogo non devono cessare.<br \/>&#8220;La democrazia poggia sulla forza dei parlamenti liberamente eletti, rappresentanti dei nostri popoli&#8221;.<br \/>Ha concluso il Presidente Casellati, augurando che il Parlamento ucraino possa presto &#8220;tornare a svolgere la sua funzione in un paese sicuro, libero e democratico&#8221;.<br \/>(ITALPRESS).<\/div>\n<div id=\"div-gpt-ad-Messinaoggi.it-DSK-300x250-corpoart\" style=\"text-align:center;margin:0 auto;\"><\/div><\/p><div id=\"videoincontent\" style=\"clear:both\";><\/div>","protected":false},"excerpt":{"rendered":"<p>ROMA (ITALPRESS) &#8211; Il presidente del Senato Elisabetta Casellati, partecipando alla riunione straordinaria dei Presidenti dei Parlamenti europei alla presenza dello Speaker del Parlamento ucraino Ruslan Stefancuk, ha espresso &#8220;la sua solidariet\u00e0 e vicinanza al Parlamento e all&#8217;intero popolo ucraino&#8221; assicurando che &#8220;l&#8217;Italia \u00e8 in prima linea nella gestione dell&#8217;emergenza umanitaria ed \u00e8 pronta all&#8217;accoglienza&#8221;.&#8220;L&#8217;invasione [&hellip;]<\/p>\n","protected":false},"author":18,"featured_media":99516,"comment_status":"closed","ping_status":"closed","sticky":false,"template":"","format":"standard","meta":{"ub_ctt_via":"","_mi_skip_tracking":false},"categories":[446],"tags":[783],"featured_image_src":"https:\/\/www.messinaoggi.it\/website\/wp-content\/uploads\/2022\/03\/20220304_0766.jpg","author_info":{"display_name":"Admin","author_link":"https:\/\/www.messinaoggi.it\/website\/author\/admin\/"},"digistream_id":0,"digistream":false,"_links":{"self":[{"href":"https:\/\/www.messinaoggi.it\/website\/wp-json\/wp\/v2\/posts\/99515"}],"collection":[{"href":"https:\/\/www.messinaoggi.it\/website\/wp-json\/wp\/v2\/posts"}],"about":[{"href":"https:\/\/www.messinaoggi.it\/website\/wp-json\/wp\/v2\/types\/post"}],"author":[{"embeddable":true,"href":"https:\/\/www.messinaoggi.it\/website\/wp-json\/wp\/v2\/users\/18"}],"replies":[{"embeddable":true,"href":"https:\/\/www.messinaoggi.it\/website\/wp-json\/wp\/v2\/comments?post=99515"}],"version-history":[{"count":0,"href":"https:\/\/www.messinaoggi.it\/website\/wp-json\/wp\/v2\/posts\/99515\/revisions"}],"wp:featuredmedia":[{"embeddable":true,"href":"https:\/\/www.messinaoggi.it\/website\/wp-json\/wp\/v2\/media\/99516"}],"wp:attachment":[{"href":"https:\/\/www.messinaoggi.it\/website\/wp-json\/wp\/v2\/media?parent=99515"}],"wp:term":[{"taxonomy":"category","embeddable":true,"href":"https:\/\/www.messinaoggi.it\/website\/wp-json\/wp\/v2\/categories?post=99515"},{"taxonomy":"post_tag","embeddable":true,"href":"https:\/\/www.messinaoggi.it\/website\/wp-json\/wp\/v2\/tags?post=99515"}],"curies":[{"name":"wp","href":"https:\/\/api.w.org\/{rel}","templated":true}]}}