{"id":99440,"date":"2022-03-04T00:07:32","date_gmt":"2022-03-03T23:07:32","guid":{"rendered":"https:\/\/www.messinaoggi.it\/website\/2022\/03\/04\/m5s-conte-con-il-pd-nessun-raffreddamento\/"},"modified":"2022-03-04T08:46:38","modified_gmt":"2022-03-04T07:46:38","slug":"m5s-conte-con-il-pd-nessun-raffreddamento","status":"publish","type":"post","link":"https:\/\/www.messinaoggi.it\/website\/2022\/03\/04\/m5s-conte-con-il-pd-nessun-raffreddamento\/","title":{"rendered":"M5S, Conte \u201cCon il Pd nessun raffreddamento\u201d"},"content":{"rendered":"<div>ROMA (ITALPRESS) &#8211; Con il Pd &#8220;nessun raffreddamento perch\u00e8 quando ci sono delle prospettive politiche nell&#8217;interesse del Paese, non \u00e8 mia abitudine essere soggetti ad alti e bassi. Abbiamo un percorso di razionalit\u00e0 politica, un disegno strategico che vogliamo perseguire, un dialogo che vogliamo coltivare, nel rispetto della reciproca autonomia. Se ci sono queste condizioni il dialogo c&#8217;\u00e8 e ci sar\u00e0&#8221;. Cos\u00ec il leader del Movimento Cinque Stelle, Giuseppe Conte, incontrando i giornalisti.<br \/>(ITALPRESS).<\/div>\n<div id=\"div-gpt-ad-Messinaoggi.it-DSK-300x250-corpoart\" style=\"text-align:center;margin:0 auto;\"><\/div><\/p><div id=\"videoincontent\" style=\"clear:both\";><\/div>","protected":false},"excerpt":{"rendered":"<p>ROMA (ITALPRESS) &#8211; Con il Pd &#8220;nessun raffreddamento perch\u00e8 quando ci sono delle prospettive politiche nell&#8217;interesse del Paese, non \u00e8 mia abitudine essere soggetti ad alti e bassi. Abbiamo un percorso di razionalit\u00e0 politica, un disegno strategico che vogliamo perseguire, un dialogo che vogliamo coltivare, nel rispetto della reciproca autonomia. Se ci sono queste condizioni [&hellip;]<\/p>\n","protected":false},"author":18,"featured_media":99441,"comment_status":"closed","ping_status":"closed","sticky":false,"template":"","format":"standard","meta":{"ub_ctt_via":"","_mi_skip_tracking":false},"categories":[446,4],"tags":[783],"featured_image_src":"https:\/\/www.messinaoggi.it\/website\/wp-content\/uploads\/2022\/03\/20220303_2859.jpg","author_info":{"display_name":"Admin","author_link":"https:\/\/www.messinaoggi.it\/website\/author\/admin\/"},"digistream_id":0,"digistream":false,"_links":{"self":[{"href":"https:\/\/www.messinaoggi.it\/website\/wp-json\/wp\/v2\/posts\/99440"}],"collection":[{"href":"https:\/\/www.messinaoggi.it\/website\/wp-json\/wp\/v2\/posts"}],"about":[{"href":"https:\/\/www.messinaoggi.it\/website\/wp-json\/wp\/v2\/types\/post"}],"author":[{"embeddable":true,"href":"https:\/\/www.messinaoggi.it\/website\/wp-json\/wp\/v2\/users\/18"}],"replies":[{"embeddable":true,"href":"https:\/\/www.messinaoggi.it\/website\/wp-json\/wp\/v2\/comments?post=99440"}],"version-history":[{"count":1,"href":"https:\/\/www.messinaoggi.it\/website\/wp-json\/wp\/v2\/posts\/99440\/revisions"}],"predecessor-version":[{"id":99459,"href":"https:\/\/www.messinaoggi.it\/website\/wp-json\/wp\/v2\/posts\/99440\/revisions\/99459"}],"wp:featuredmedia":[{"embeddable":true,"href":"https:\/\/www.messinaoggi.it\/website\/wp-json\/wp\/v2\/media\/99441"}],"wp:attachment":[{"href":"https:\/\/www.messinaoggi.it\/website\/wp-json\/wp\/v2\/media?parent=99440"}],"wp:term":[{"taxonomy":"category","embeddable":true,"href":"https:\/\/www.messinaoggi.it\/website\/wp-json\/wp\/v2\/categories?post=99440"},{"taxonomy":"post_tag","embeddable":true,"href":"https:\/\/www.messinaoggi.it\/website\/wp-json\/wp\/v2\/tags?post=99440"}],"curies":[{"name":"wp","href":"https:\/\/api.w.org\/{rel}","templated":true}]}}