{"id":99438,"date":"2022-03-03T23:07:33","date_gmt":"2022-03-03T22:07:33","guid":{"rendered":"https:\/\/www.messinaoggi.it\/website\/2022\/03\/03\/ucraina-salvini-tutti-al-lavoro-per-il-cessate-il-fuoco\/"},"modified":"2022-03-03T23:07:33","modified_gmt":"2022-03-03T22:07:33","slug":"ucraina-salvini-tutti-al-lavoro-per-il-cessate-il-fuoco","status":"publish","type":"post","link":"https:\/\/www.messinaoggi.it\/website\/2022\/03\/03\/ucraina-salvini-tutti-al-lavoro-per-il-cessate-il-fuoco\/","title":{"rendered":"Ucraina, Salvini \u201cTutti al lavoro per il cessate il fuoco\u201d"},"content":{"rendered":"<div>ROMA (ITALPRESS) &#8211; &#8220;Io lavoro, prego e credo nella pace perch\u00e8 la guerra \u00e8 una cosa troppo grossa. C&#8217;\u00e8 qualcuno che attacca e qualcuno che si difende. Questo dovrebbe essere il momento della grande unit\u00e0 nazionale. Lo abbiamo dimostrato con il Covid ma la guerra \u00e8 peggio. Tutti dobbiamo lavorare unicamente nel nome del cessate il fuoco. Il popolo italiano sta dimostrando enorme generosit\u00e0&#8221;. Lo ha detto il leader della Lega, Matteo Salvini, ospite a &#8220;Dritto e Rovescio&#8221; su Rete 4.<br \/>(ITALPRESS).<\/div>\n<div id=\"div-gpt-ad-Messinaoggi.it-DSK-300x250-corpoart\" style=\"text-align:center;margin:0 auto;\"><\/div><\/p><div id=\"videoincontent\" style=\"clear:both\";><\/div>","protected":false},"excerpt":{"rendered":"<p>ROMA (ITALPRESS) &#8211; &#8220;Io lavoro, prego e credo nella pace perch\u00e8 la guerra \u00e8 una cosa troppo grossa. C&#8217;\u00e8 qualcuno che attacca e qualcuno che si difende. Questo dovrebbe essere il momento della grande unit\u00e0 nazionale. Lo abbiamo dimostrato con il Covid ma la guerra \u00e8 peggio. Tutti dobbiamo lavorare unicamente nel nome del cessate [&hellip;]<\/p>\n","protected":false},"author":18,"featured_media":99439,"comment_status":"closed","ping_status":"closed","sticky":false,"template":"","format":"standard","meta":{"ub_ctt_via":"","_mi_skip_tracking":false},"categories":[446],"tags":[783],"featured_image_src":"https:\/\/www.messinaoggi.it\/website\/wp-content\/uploads\/2022\/03\/20220303_2852.jpg","author_info":{"display_name":"Admin","author_link":"https:\/\/www.messinaoggi.it\/website\/author\/admin\/"},"digistream_id":0,"digistream":false,"_links":{"self":[{"href":"https:\/\/www.messinaoggi.it\/website\/wp-json\/wp\/v2\/posts\/99438"}],"collection":[{"href":"https:\/\/www.messinaoggi.it\/website\/wp-json\/wp\/v2\/posts"}],"about":[{"href":"https:\/\/www.messinaoggi.it\/website\/wp-json\/wp\/v2\/types\/post"}],"author":[{"embeddable":true,"href":"https:\/\/www.messinaoggi.it\/website\/wp-json\/wp\/v2\/users\/18"}],"replies":[{"embeddable":true,"href":"https:\/\/www.messinaoggi.it\/website\/wp-json\/wp\/v2\/comments?post=99438"}],"version-history":[{"count":0,"href":"https:\/\/www.messinaoggi.it\/website\/wp-json\/wp\/v2\/posts\/99438\/revisions"}],"wp:featuredmedia":[{"embeddable":true,"href":"https:\/\/www.messinaoggi.it\/website\/wp-json\/wp\/v2\/media\/99439"}],"wp:attachment":[{"href":"https:\/\/www.messinaoggi.it\/website\/wp-json\/wp\/v2\/media?parent=99438"}],"wp:term":[{"taxonomy":"category","embeddable":true,"href":"https:\/\/www.messinaoggi.it\/website\/wp-json\/wp\/v2\/categories?post=99438"},{"taxonomy":"post_tag","embeddable":true,"href":"https:\/\/www.messinaoggi.it\/website\/wp-json\/wp\/v2\/tags?post=99438"}],"curies":[{"name":"wp","href":"https:\/\/api.w.org\/{rel}","templated":true}]}}