{"id":99137,"date":"2022-03-01T23:32:33","date_gmt":"2022-03-01T22:32:33","guid":{"rendered":"https:\/\/www.messinaoggi.it\/website\/2022\/03\/01\/terzo-mandato-per-i-sindaci-dei-piccoli-comuni-norma-pronta-per-lars\/"},"modified":"2022-03-02T09:25:21","modified_gmt":"2022-03-02T08:25:21","slug":"terzo-mandato-per-i-sindaci-dei-piccoli-comuni-norma-pronta-per-lars","status":"publish","type":"post","link":"https:\/\/www.messinaoggi.it\/website\/2022\/03\/01\/terzo-mandato-per-i-sindaci-dei-piccoli-comuni-norma-pronta-per-lars\/","title":{"rendered":"Terzo mandato per i sindaci dei piccoli comuni, norma pronta per l\u2019Ars"},"content":{"rendered":"<div>\n<p>PALERMO (ITALPRESS) \u2013 Sar\u00e0 l\u2019aula di Palazzo dei Normanni ad esaminare il disegno di legge che toglie il limite dei due mandati nei comuni sotto i 15 mila abitanti. La commissione di merito dell\u2019Ars ha esitato il testo la scorsa settimana che adesso \u00e8 pronto per l\u2019Aula. Oggi, durante una seduta nella quale la commissione ha iniziato, in maniera informale, ad esaminare alcuni emendamenti presentati dal governo il testo \u00e8 stato apprezzato anche dal presidente dell\u2019Assemblea, Gianfranco Miccich\u00e8. \u201cPossibile\u201d, spiega per\u00f2 il presidente della commissione Stefano Pellegrino all\u2019Italpress, \u201cche in Aula venga presentato un emendamento al testo (la legge si compone di un unico articolo ndr) che introduca la validit\u00e0 della legge al 2023 invece che gi\u00e0 dalle prossime amministrative\u201d. <br \/>La questione di opportunit\u00e0, infatti, sorge sulla possibilit\u00e0 o meno di cambiare le regole quando la campagna elettorale \u00e8 gi\u00e0 partita. Oggi si \u00e8 tenuto un incontro tra i sindaci e i rappresentanti dell\u2019Anci sul tema. Questa norma \u00e8 giusta ed elimina un limite che esiste solo per i sindaci\u201d, spiega Mario Alvano segretario dell\u2019Anci Sicilia, \u201ced esiste solo per i sindaci con popolazione superiore a 5000 abitanti, mentre per quelli inferiori \u00e8 gi\u00e0 approvata. Noi abbiamo ipotizzato il limite di 15 mila perch\u00e8 segue la legge elettorale\u201d. Un nuovo incontro tra sindaci e Anci \u00e8 previsto per domani.  <br \/>(ITALPRESS).<div id=\"div-gpt-ad-Messinaoggi.it-DSK-300x250-corpoart\" style=\"text-align:center;margin:0 auto;\"><\/div><\/p>\n<\/div>\n<div id=\"videoincontent\" style=\"clear:both\";><\/div>","protected":false},"excerpt":{"rendered":"<p>PALERMO (ITALPRESS) \u2013 Sar\u00e0 l\u2019aula di Palazzo dei Normanni ad esaminare il disegno di legge che toglie il limite dei due mandati nei comuni sotto i 15 mila abitanti. La commissione di merito dell\u2019Ars ha esitato il testo la scorsa settimana che adesso \u00e8 pronto per l\u2019Aula. Oggi, durante una seduta nella quale la commissione [&hellip;]<\/p>\n","protected":false},"author":18,"featured_media":99138,"comment_status":"closed","ping_status":"closed","sticky":false,"template":"","format":"standard","meta":{"ub_ctt_via":"","_mi_skip_tracking":false},"categories":[11,2449],"tags":[783],"featured_image_src":"https:\/\/www.messinaoggi.it\/website\/wp-content\/uploads\/2022\/03\/20220301_2400.jpg","author_info":{"display_name":"Admin","author_link":"https:\/\/www.messinaoggi.it\/website\/author\/admin\/"},"digistream_id":0,"digistream":false,"_links":{"self":[{"href":"https:\/\/www.messinaoggi.it\/website\/wp-json\/wp\/v2\/posts\/99137"}],"collection":[{"href":"https:\/\/www.messinaoggi.it\/website\/wp-json\/wp\/v2\/posts"}],"about":[{"href":"https:\/\/www.messinaoggi.it\/website\/wp-json\/wp\/v2\/types\/post"}],"author":[{"embeddable":true,"href":"https:\/\/www.messinaoggi.it\/website\/wp-json\/wp\/v2\/users\/18"}],"replies":[{"embeddable":true,"href":"https:\/\/www.messinaoggi.it\/website\/wp-json\/wp\/v2\/comments?post=99137"}],"version-history":[{"count":1,"href":"https:\/\/www.messinaoggi.it\/website\/wp-json\/wp\/v2\/posts\/99137\/revisions"}],"predecessor-version":[{"id":99144,"href":"https:\/\/www.messinaoggi.it\/website\/wp-json\/wp\/v2\/posts\/99137\/revisions\/99144"}],"wp:featuredmedia":[{"embeddable":true,"href":"https:\/\/www.messinaoggi.it\/website\/wp-json\/wp\/v2\/media\/99138"}],"wp:attachment":[{"href":"https:\/\/www.messinaoggi.it\/website\/wp-json\/wp\/v2\/media?parent=99137"}],"wp:term":[{"taxonomy":"category","embeddable":true,"href":"https:\/\/www.messinaoggi.it\/website\/wp-json\/wp\/v2\/categories?post=99137"},{"taxonomy":"post_tag","embeddable":true,"href":"https:\/\/www.messinaoggi.it\/website\/wp-json\/wp\/v2\/tags?post=99137"}],"curies":[{"name":"wp","href":"https:\/\/api.w.org\/{rel}","templated":true}]}}