{"id":99126,"date":"2022-03-01T21:47:34","date_gmt":"2022-03-01T20:47:34","guid":{"rendered":"https:\/\/www.messinaoggi.it\/website\/2022\/03\/01\/palermo-al-palazzo-reale-mostra-for-freedom-per-diritti-donne-afghane\/"},"modified":"2022-03-01T21:47:34","modified_gmt":"2022-03-01T20:47:34","slug":"palermo-al-palazzo-reale-mostra-for-freedom-per-diritti-donne-afghane","status":"publish","type":"post","link":"https:\/\/www.messinaoggi.it\/website\/2022\/03\/01\/palermo-al-palazzo-reale-mostra-for-freedom-per-diritti-donne-afghane\/","title":{"rendered":"Palermo, al Palazzo Reale mostra \u201cFor Freedom\u201d per diritti donne afghane"},"content":{"rendered":"<div>\n<p>PALERMO (ITALPRESS) \u2013 Da Palazzo Reale di Palermo l\u2019urlo di denuncia per i diritti delle donne afghane. Contro la libert\u00e0 negata. Ingabbiate, invisibili. Gli sguardi raccontano un futuro che non esiste pi\u00f9. \u201cFor Freedom\u201d \u00e8 il racconto fotografico di un dramma in pieno svolgimento: un nuovo progetto autoriale che racchiude 49 immagini. La mostra, che aprir\u00e0 al pubblico dal 29 marzo al 17 luglio 2022, \u00e8 frutto di una collaborazione tra la Fondazione Federico II e il pi\u00f9 celebre fotografo al mondo di reportage antropologico, Steve McCurry: insieme per stimolare le coscienze. La Fondazione ha fatto tesoro dell\u2019incontro con il fotografo che ha saputo raccontare l\u2019Afghanistan negli ultimi quarant\u2019anni \u00abtestimoniando le donne afghane tra violenze, miserie, speranze\u00bb. Col ritorno dei talebani nel 2021, le donne in Afghanistan hanno perso da un giorno all\u2019altro ogni diritto allo studio e alla vita sociale. Bandite da ogni attivit\u00e0. Una tragedia che si perpetua quotidianamente, annullando qualsiasi forma di libert\u00e0 di pensiero e di azione per tutte le donne e le bambine afghane. Protagonista della mostra \u00e8 l\u2019oltraggio morale all\u2019Umanit\u00e0, la violazione dei diritti fondamentali, attraverso una narrazione fotografica densa di pathos ambientale e umano.<br \/>La mostra gode di un allestimento scenografico e site specific in uno spazio emblematico del Palazzo Reale di Palermo, attraversato da migliaia di visitatori. Allestimento che segue concettualmente l\u2019evoluzione della condizione della donna in Afghanistan. <br \/>\u201cCi sono scatti che divengono voce, urlo, richiesta di aiuto \u2013 afferma Gianfranco Miccich\u00e8, presidente della Fondazione Federico II -. Dinnanzi ad essi non possiamo sottrarci al ruolo di testimoni. Affinch\u00e8 la nostra coscienza si interroghi su quelle atrocit\u00e0, \u00e8 fondamentale rievocare attraverso le immagini la dimensione di anelito di libert\u00e0 e di riscatto sociale. Le fotografie di McCurry per noi rappresentano un ponte ideale verso il mondo afghano. Non a caso abbiamo dedicato a For Freedom un\u2019area del palazzo che solitamente non viene utilizzata per le mostre\u201d. \u201cLa mostra For Freedom \u2013 dice Patrizia Monterosso, direttore generale della Fondazione Federico II \u2013 \u00e8 la narrazione della negazione di quella garanzia di libert\u00e0 e di diritti per le donne afghane che sembrava conquistata. L\u2019unicit\u00e0 delle fotografie di McCurry rimbalza continuamente tra significati passati e presenti, tra le speranze e le libert\u00e0 un tempo acquisite e le atrocit\u00e0 del presente. Davanti alle immagini e alle notizie drammatiche di questi mesi abbiamo colto il senso autentico della sua incredulit\u00e0 e abbiamo voluto offrire una mostra che desse voce alle donne dell\u2019Afghanistan diventate nuovamente invisibili e senza identit\u00e0\u201d.<br \/>L\u2019esplorazione che McCurry offre nelle sue opere fotografiche sottende una complessa osservazione del mondo, una costante capacit\u00e0 di mettere a confronto Occidente e Oriente, di divulgare e denunciare gli atti frutto della crudelt\u00e0 e dell\u2019egoismo umani, oltrech\u00e8 la coesistenza tra mondi liberi da un lato e sofferenze inenarrabili imposte a moltitudini indifese dall\u2019altro.<br \/>(ITALPRESS).<div id=\"div-gpt-ad-Messinaoggi.it-DSK-300x250-corpoart\" style=\"text-align:center;margin:0 auto;\"><\/div><\/p>\n<\/div>\n<div id=\"videoincontent\" style=\"clear:both\";><\/div>","protected":false},"excerpt":{"rendered":"<p>PALERMO (ITALPRESS) \u2013 Da Palazzo Reale di Palermo l\u2019urlo di denuncia per i diritti delle donne afghane. Contro la libert\u00e0 negata. Ingabbiate, invisibili. Gli sguardi raccontano un futuro che non esiste pi\u00f9. \u201cFor Freedom\u201d \u00e8 il racconto fotografico di un dramma in pieno svolgimento: un nuovo progetto autoriale che racchiude 49 immagini. La mostra, che [&hellip;]<\/p>\n","protected":false},"author":18,"featured_media":99127,"comment_status":"closed","ping_status":"closed","sticky":false,"template":"","format":"standard","meta":{"ub_ctt_via":"","_mi_skip_tracking":false},"categories":[2449],"tags":[783],"featured_image_src":"https:\/\/www.messinaoggi.it\/website\/wp-content\/uploads\/2022\/03\/20220301_2268.jpg","author_info":{"display_name":"Admin","author_link":"https:\/\/www.messinaoggi.it\/website\/author\/admin\/"},"digistream_id":0,"digistream":false,"_links":{"self":[{"href":"https:\/\/www.messinaoggi.it\/website\/wp-json\/wp\/v2\/posts\/99126"}],"collection":[{"href":"https:\/\/www.messinaoggi.it\/website\/wp-json\/wp\/v2\/posts"}],"about":[{"href":"https:\/\/www.messinaoggi.it\/website\/wp-json\/wp\/v2\/types\/post"}],"author":[{"embeddable":true,"href":"https:\/\/www.messinaoggi.it\/website\/wp-json\/wp\/v2\/users\/18"}],"replies":[{"embeddable":true,"href":"https:\/\/www.messinaoggi.it\/website\/wp-json\/wp\/v2\/comments?post=99126"}],"version-history":[{"count":0,"href":"https:\/\/www.messinaoggi.it\/website\/wp-json\/wp\/v2\/posts\/99126\/revisions"}],"wp:featuredmedia":[{"embeddable":true,"href":"https:\/\/www.messinaoggi.it\/website\/wp-json\/wp\/v2\/media\/99127"}],"wp:attachment":[{"href":"https:\/\/www.messinaoggi.it\/website\/wp-json\/wp\/v2\/media?parent=99126"}],"wp:term":[{"taxonomy":"category","embeddable":true,"href":"https:\/\/www.messinaoggi.it\/website\/wp-json\/wp\/v2\/categories?post=99126"},{"taxonomy":"post_tag","embeddable":true,"href":"https:\/\/www.messinaoggi.it\/website\/wp-json\/wp\/v2\/tags?post=99126"}],"curies":[{"name":"wp","href":"https:\/\/api.w.org\/{rel}","templated":true}]}}