{"id":99125,"date":"2022-03-01T22:28:11","date_gmt":"2022-03-01T21:28:11","guid":{"rendered":"http:\/\/www.messinaoggi.it\/website\/?p=99125"},"modified":"2023-12-03T02:24:53","modified_gmt":"2023-12-03T01:24:53","slug":"inaugurazione-anno-accademico-dottorato-honoris-causa-a-jebreal-per-il-suo-contributo-contro-la-violenza-di-genere","status":"publish","type":"post","link":"https:\/\/www.messinaoggi.it\/website\/2022\/03\/01\/inaugurazione-anno-accademico-dottorato-honoris-causa-a-jebreal-per-il-suo-contributo-contro-la-violenza-di-genere\/","title":{"rendered":"Inaugurazione Anno Accademico, dottorato honoris causa a Jebreal per il suo contributo contro la violenza di genere"},"content":{"rendered":"\n<p>Si \u00e8 tenuta questo pomeriggio l&#8217;inaugurazione del nuovo anno accademico dell&#8217;Universit\u00e0 di Messina. Ospite d&#8217;eccezione della cerimonia, che si \u00e8 tenuta presso l&#8217;Aula Magna &#8220;Vittorio Ricevuto&#8221; del polo Papardo, la giornalista e scrittrice Rula Jebreal, alla quale \u00e8 stato conferito il dottorato honoris causa in Scienze Politiche per il suo contributo contro la disparit\u00e0 e la violenza di genere.  &#8220;Dati alla mano, c&#8217;\u00e8 molta disparit\u00e0 di genere, anche tra le istituzioni. &#8211; ha dichiarato Jebreal rispondendo alle domande dei giornalisti &#8211; Basti pensare che in ambito accademico ci sono solo 8 rettrici&#8221;.<div id=\"div-gpt-ad-Messinaoggi.it-DSK-300x250-corpoart\" style=\"text-align:center;margin:0 auto;\"><\/div><\/p>\n\n\n\n<p>&#8220;Era prevedibile che un dittatore sanguinario come Putin avrebbe attaccato le democrazie. &#8211; ha poi affermato commentando l&#8217;invasione dell&#8217;Ucraina da parte del presidente russo Vladimir Putin &#8211; La guerra in Europa \u00e8 iniziata prima dell&#8217;invasione militare in Ucraina. \u00c8 inizia con le parole, con la propaganda del governo russo e il suo appoggio ai partiti sovranisti europei. Sapevamo chi era quell&#8217;uomo, e nonostante tutto abbiamo fatto finta di niente. Adesso ci troviamo con una crisi energetica in corso e una guerra alle nostre porte. Dobbiamo domandare ai nostri governatori se \u00e8 pi\u00f9 importante il petrolio o i diritti umani&#8221;.<div id=\"videoincontent\" style=\"clear:both\";><\/div><\/p>\n\n\n\n<p>A porgere i saluti istituzionali, quest\u2019anno, \u00e8 stata la professoressa Maria Cristina Messa, Ministro dell\u2019Universit\u00e0 e della Ricerca: \u201cGli Atenei oggi pi\u00f9 che mai sono chiamati a far sentire la loro voce che \u00e8 quella della pace, della libert\u00e0, del confronto democratico e della solidariet\u00e0. Stiamo monitorando e coordinando tutte le attivit\u00e0 che prevedono l\u2019accoglienza e la solidariet\u00e0 per il popolo ucraino, per il quale abbiamo stanziato 500 mila euro. La nostra \u00e8 una voce forte che vive della libert\u00e0 delle idee e del confronto e questo dobbiamo farlo sempre di pi\u00f9\u201d.<\/p>\n\n\n\n<p>&#8220;L&#8217;anno accademico inizia con la voglia di ripartire, di tornare alla normalit\u00e0, con l&#8217;attivit\u00e0 didattica in presenza. &#8211; ha commentato il rettore Salvatore Cuzzocrea &#8211; In un momento complicato per l&#8217;Europa, ci siamo attivati per gli studenti e professori ucraini, attivando un canale umanitario, come gi\u00e0 fatto per chi scappava dall&#8217;Afghanistan.<\/p>\n\n\n\n<p>&#8220;Per il prossimo anno abbiamo ampliato la nostra offerta didattica, attivando cinque nuovi corsi di laurea, di cui uno a Noto. Siamo contenti dell&#8217;istituzione del terzo corso di laurea in Medicina e Chirurgia nell&#8217;ospedale Papardo, segno di sinergia anche con le altre aziende sanitarie&#8221;.<\/p>\n\n\n\n<p>Diversi gli interventi durante la cerimonia, tra cui anche una studentessa afghana del dipartimento di Scienze politiche e giuridiche, Tamana Karimi, e Patrik Zaki, lo studente presso l&#8217;Universit\u00e0 di Bologna di nazionalit\u00e0 egiziana arrestato il 7 febbraio 2020 e attualmente in attesa di processo. Quest&#8217;ultimo, in videocollegamento dall&#8217;Egitto, ha espresso la sua gratitudine per la vicinanza del mondo accademico messinese nei suoi confronti. <\/p>\n","protected":false},"excerpt":{"rendered":"<p>Si \u00e8 tenuta questo pomeriggio l&#8217;inaugurazione del nuovo anno accademico dell&#8217;Universit\u00e0 di Messina. Ospite d&#8217;eccezione della cerimonia, che si \u00e8 tenuta presso l&#8217;Aula Magna &#8220;Vittorio Ricevuto&#8221; del polo Papardo, la giornalista e scrittrice Rula Jebreal, alla quale \u00e8 stato conferito il dottorato honoris causa in Scienze Politiche per il suo contributo contro la disparit\u00e0 e [&hellip;]<\/p>\n","protected":false},"author":8,"featured_media":99156,"comment_status":"open","ping_status":"open","sticky":false,"template":"","format":"standard","meta":{"ub_ctt_via":"","_mi_skip_tracking":false},"categories":[5],"tags":[4056,4057],"featured_image_src":"https:\/\/www.messinaoggi.it\/website\/wp-content\/uploads\/2022\/03\/DSC_4443-scaled.jpg","author_info":{"display_name":"red..me","author_link":"https:\/\/www.messinaoggi.it\/website\/author\/redstage\/"},"digistream_id":0,"digistream":false,"_links":{"self":[{"href":"https:\/\/www.messinaoggi.it\/website\/wp-json\/wp\/v2\/posts\/99125"}],"collection":[{"href":"https:\/\/www.messinaoggi.it\/website\/wp-json\/wp\/v2\/posts"}],"about":[{"href":"https:\/\/www.messinaoggi.it\/website\/wp-json\/wp\/v2\/types\/post"}],"author":[{"embeddable":true,"href":"https:\/\/www.messinaoggi.it\/website\/wp-json\/wp\/v2\/users\/8"}],"replies":[{"embeddable":true,"href":"https:\/\/www.messinaoggi.it\/website\/wp-json\/wp\/v2\/comments?post=99125"}],"version-history":[{"count":4,"href":"https:\/\/www.messinaoggi.it\/website\/wp-json\/wp\/v2\/posts\/99125\/revisions"}],"predecessor-version":[{"id":179340,"href":"https:\/\/www.messinaoggi.it\/website\/wp-json\/wp\/v2\/posts\/99125\/revisions\/179340"}],"wp:featuredmedia":[{"embeddable":true,"href":"https:\/\/www.messinaoggi.it\/website\/wp-json\/wp\/v2\/media\/99156"}],"wp:attachment":[{"href":"https:\/\/www.messinaoggi.it\/website\/wp-json\/wp\/v2\/media?parent=99125"}],"wp:term":[{"taxonomy":"category","embeddable":true,"href":"https:\/\/www.messinaoggi.it\/website\/wp-json\/wp\/v2\/categories?post=99125"},{"taxonomy":"post_tag","embeddable":true,"href":"https:\/\/www.messinaoggi.it\/website\/wp-json\/wp\/v2\/tags?post=99125"}],"curies":[{"name":"wp","href":"https:\/\/api.w.org\/{rel}","templated":true}]}}