{"id":99051,"date":"2022-03-01T15:07:36","date_gmt":"2022-03-01T14:07:36","guid":{"rendered":"https:\/\/www.messinaoggi.it\/website\/2022\/03\/01\/ucraina-il-senato-approva-la-risoluzione-congiunta-maggioranza-fdi\/"},"modified":"2022-03-01T15:07:36","modified_gmt":"2022-03-01T14:07:36","slug":"ucraina-il-senato-approva-la-risoluzione-congiunta-maggioranza-fdi","status":"publish","type":"post","link":"https:\/\/www.messinaoggi.it\/website\/2022\/03\/01\/ucraina-il-senato-approva-la-risoluzione-congiunta-maggioranza-fdi\/","title":{"rendered":"Ucraina, il Senato approva la risoluzione congiunta maggioranza-Fdi"},"content":{"rendered":"<div>ROMA (ITALPRESS) &#8211; L&#8217;Aula del Senato ha approvato la risoluzione di maggioranza e di Fratelli d&#8217;Italia sulle comunicazioni del presidente del Consiglio, Mario Draghi, sulla guerra in Ucraina. I voti favorevoli sono stati 244, i contrari 13 e gli astenuti 3. Le altre risoluzioni sono state bocciate.<br \/>Il testo approvato impegna il Governo a &#8220;esigere dalle Autorit\u00e0 russe l&#8217;immediata cessazione delle operazioni belliche e il ritiro di tutte le forze militari che illegittimamente occupano il suolo ucraino, ripristinando il rispetto della piena sovranit\u00e0 e integrit\u00e0 territoriale dell&#8217;Ucraina; sostenere ogni iniziativa multilaterale e bilaterale utile ad una de-escalation militare e alla ripresa di un percorso negoziale tra Kiev e Mosca, anche raccogliendo la disponibilit\u00e0 della Santa Sede a svolgere un&#8217;opera di mediazione; assicurare sostegno e solidariet\u00e0 al popolo ucraino e alle sue istituzioni attivando, con le modalit\u00e0 pi\u00f9 rapide e tempestive, tutte le azioni necessarie a fornire assistenza umanitaria, finanziaria, economica e di qualsiasi altra natura, nonch\u00e8 &#8211; tenendo costantemente informato il Parlamento e in modo coordinato con gli altri Paesi europei e alleati &#8211; la cessione di apparati e strumenti militari che consentano all&#8217;Ucraina di esercitare il diritto alla legittima difesa e di proteggere la sua popolazione; raccogliere l&#8217;aspirazione europea dell&#8217;Ucraina, rafforzando in ogni campo la cooperazione UE-Ucraina; attivare un programma straordinario di accoglienza dei profughi ucraini, coinvolgendo enti locali e associazionismo, semplificando le procedure per il riconoscimento dello status di rifugiato, applicando la direttiva europea sulla protezione temporanea e sostenendo le iniziative della UE per una accoglienza solidale e condivisa; attivare programmi umanitari per la popolazione ucraina e semplificare le procedure di utilizzo dei fondi erogati; sostenere in sede europea la ulteriore sospensione del Patto di stabilit\u00e0 e la istituzione di un fondo europeo compensativo per gli Stati maggiormente penalizzati dalle sanzioni; provvedere a misure di sostegno alle imprese per i maggiori oneri derivanti dalla applicazione di sanzioni, nonch\u00e8 la promozione di accesso a nuovi mercati verso cui indirizzare esportazioni e investimenti non allocabili sul mercato russo; attivare strategie di diversificazione degli approvvigionamenti energetici, di investimento sulle energie rinnovabili e di utilizzo delle sorgenti di energia del Paese, e concorrendo alle decisioni dell&#8217;UE nella direzione dell&#8217;Unione dell&#8217;energia; attivare le misure necessarie a preservare le infrastrutture strategiche del Paese da eventuali attacchi informatici o di altra natura, anche tenendo conto delle indicazioni contenute nelle Relazioni del Copasir alle Camere; sostenere l&#8217;urgenza di un netto rafforzamento della Politica estera e di sicurezza comune europea, anche attivando le riforme procedurali necessarie; mantenere uno stretto e permanente coordinamento con i Paesi del G7, dell&#8217;Alleanza Atlantica e dell&#8217;Unione europea, condividendo iniziative a supporto dell&#8217;Ucraina e contromisure efficaci e sostenibili, incluse sanzioni, all&#8217;aggressione russa&#8221;.<br \/>(ITALPRESS).<\/div>\n<div id=\"div-gpt-ad-Messinaoggi.it-DSK-300x250-corpoart\" style=\"text-align:center;margin:0 auto;\"><\/div><\/p><div id=\"videoincontent\" style=\"clear:both\";><\/div>","protected":false},"excerpt":{"rendered":"<p>ROMA (ITALPRESS) &#8211; L&#8217;Aula del Senato ha approvato la risoluzione di maggioranza e di Fratelli d&#8217;Italia sulle comunicazioni del presidente del Consiglio, Mario Draghi, sulla guerra in Ucraina. I voti favorevoli sono stati 244, i contrari 13 e gli astenuti 3. Le altre risoluzioni sono state bocciate.Il testo approvato impegna il Governo a &#8220;esigere dalle [&hellip;]<\/p>\n","protected":false},"author":18,"featured_media":99052,"comment_status":"closed","ping_status":"closed","sticky":false,"template":"","format":"standard","meta":{"ub_ctt_via":"","_mi_skip_tracking":false},"categories":[446],"tags":[783],"featured_image_src":"https:\/\/www.messinaoggi.it\/website\/wp-content\/uploads\/2022\/03\/20220301_0834.jpg","author_info":{"display_name":"Admin","author_link":"https:\/\/www.messinaoggi.it\/website\/author\/admin\/"},"digistream_id":0,"digistream":false,"_links":{"self":[{"href":"https:\/\/www.messinaoggi.it\/website\/wp-json\/wp\/v2\/posts\/99051"}],"collection":[{"href":"https:\/\/www.messinaoggi.it\/website\/wp-json\/wp\/v2\/posts"}],"about":[{"href":"https:\/\/www.messinaoggi.it\/website\/wp-json\/wp\/v2\/types\/post"}],"author":[{"embeddable":true,"href":"https:\/\/www.messinaoggi.it\/website\/wp-json\/wp\/v2\/users\/18"}],"replies":[{"embeddable":true,"href":"https:\/\/www.messinaoggi.it\/website\/wp-json\/wp\/v2\/comments?post=99051"}],"version-history":[{"count":0,"href":"https:\/\/www.messinaoggi.it\/website\/wp-json\/wp\/v2\/posts\/99051\/revisions"}],"wp:featuredmedia":[{"embeddable":true,"href":"https:\/\/www.messinaoggi.it\/website\/wp-json\/wp\/v2\/media\/99052"}],"wp:attachment":[{"href":"https:\/\/www.messinaoggi.it\/website\/wp-json\/wp\/v2\/media?parent=99051"}],"wp:term":[{"taxonomy":"category","embeddable":true,"href":"https:\/\/www.messinaoggi.it\/website\/wp-json\/wp\/v2\/categories?post=99051"},{"taxonomy":"post_tag","embeddable":true,"href":"https:\/\/www.messinaoggi.it\/website\/wp-json\/wp\/v2\/tags?post=99051"}],"curies":[{"name":"wp","href":"https:\/\/api.w.org\/{rel}","templated":true}]}}