{"id":99022,"date":"2022-03-01T13:07:38","date_gmt":"2022-03-01T12:07:38","guid":{"rendered":"https:\/\/www.messinaoggi.it\/website\/2022\/03\/01\/ucraina-zelensky-al-parlamento-ue-dimostrateci-che-siete-con-noi\/"},"modified":"2022-03-01T13:07:38","modified_gmt":"2022-03-01T12:07:38","slug":"ucraina-zelensky-al-parlamento-ue-dimostrateci-che-siete-con-noi","status":"publish","type":"post","link":"https:\/\/www.messinaoggi.it\/website\/2022\/03\/01\/ucraina-zelensky-al-parlamento-ue-dimostrateci-che-siete-con-noi\/","title":{"rendered":"Ucraina, Zelensky al Parlamento Ue: \u201cDimostrateci che siete con noi\u201d"},"content":{"rendered":"<div>BRUXELLES (BELGIO) (ITALPRESS) &#8211; &#8220;Vorrei sentire da parte vostra che la scelta dell&#8217;Ucraina verso l&#8217;Europa viene incoraggiata. Vogliamo essere membri a pari diritti dell&#8217;Europa. Stiamo dimostrando a tutti che questo \u00e8 quello che siamo. Senza l&#8217;Unione Europea l&#8217;Ucraina sarebbe sola. Abbiamo dimostrato che siamo come voi, ora mostrateci che siete al nostro fianco, che non ci abbandonate, e che siete europei. Cos\u00ec la luce vincer\u00e0 contro il buio&#8221;. L&#8217;ha detto il presidente dell&#8217;Ucraina, Volodymyr Zelensky, in videocollegamento con la plenaria del Parlamento Europeo.<br \/>&#8220;E&#8217; stata una mattina tragica per noi. Kharkiv \u00e8 stata colpita, \u00e8 una zona con tante universit\u00e0 e tanti russi. Stamattina due missili hanno colpito Piazza della Libert\u00e0, ci sono decine di vittime &#8211; ha aggiunto -. Putin dice che la Russia colpisce obiettivi militari, ma ieri ha ucciso 16 bambini&#8221;.<br \/>(ITALPRESS).<\/div>\n<div id=\"div-gpt-ad-Messinaoggi.it-DSK-300x250-corpoart\" style=\"text-align:center;margin:0 auto;\"><\/div><\/p><div id=\"videoincontent\" style=\"clear:both\";><\/div>","protected":false},"excerpt":{"rendered":"<p>BRUXELLES (BELGIO) (ITALPRESS) &#8211; &#8220;Vorrei sentire da parte vostra che la scelta dell&#8217;Ucraina verso l&#8217;Europa viene incoraggiata. Vogliamo essere membri a pari diritti dell&#8217;Europa. Stiamo dimostrando a tutti che questo \u00e8 quello che siamo. Senza l&#8217;Unione Europea l&#8217;Ucraina sarebbe sola. Abbiamo dimostrato che siamo come voi, ora mostrateci che siete al nostro fianco, che non [&hellip;]<\/p>\n","protected":false},"author":18,"featured_media":99023,"comment_status":"closed","ping_status":"closed","sticky":false,"template":"","format":"standard","meta":{"ub_ctt_via":"","_mi_skip_tracking":false},"categories":[446],"tags":[783],"featured_image_src":"https:\/\/www.messinaoggi.it\/website\/wp-content\/uploads\/2022\/03\/20220301_0616.jpg","author_info":{"display_name":"Admin","author_link":"https:\/\/www.messinaoggi.it\/website\/author\/admin\/"},"digistream_id":0,"digistream":false,"_links":{"self":[{"href":"https:\/\/www.messinaoggi.it\/website\/wp-json\/wp\/v2\/posts\/99022"}],"collection":[{"href":"https:\/\/www.messinaoggi.it\/website\/wp-json\/wp\/v2\/posts"}],"about":[{"href":"https:\/\/www.messinaoggi.it\/website\/wp-json\/wp\/v2\/types\/post"}],"author":[{"embeddable":true,"href":"https:\/\/www.messinaoggi.it\/website\/wp-json\/wp\/v2\/users\/18"}],"replies":[{"embeddable":true,"href":"https:\/\/www.messinaoggi.it\/website\/wp-json\/wp\/v2\/comments?post=99022"}],"version-history":[{"count":0,"href":"https:\/\/www.messinaoggi.it\/website\/wp-json\/wp\/v2\/posts\/99022\/revisions"}],"wp:featuredmedia":[{"embeddable":true,"href":"https:\/\/www.messinaoggi.it\/website\/wp-json\/wp\/v2\/media\/99023"}],"wp:attachment":[{"href":"https:\/\/www.messinaoggi.it\/website\/wp-json\/wp\/v2\/media?parent=99022"}],"wp:term":[{"taxonomy":"category","embeddable":true,"href":"https:\/\/www.messinaoggi.it\/website\/wp-json\/wp\/v2\/categories?post=99022"},{"taxonomy":"post_tag","embeddable":true,"href":"https:\/\/www.messinaoggi.it\/website\/wp-json\/wp\/v2\/tags?post=99022"}],"curies":[{"name":"wp","href":"https:\/\/api.w.org\/{rel}","templated":true}]}}