{"id":98977,"date":"2022-03-01T08:22:23","date_gmt":"2022-03-01T07:22:23","guid":{"rendered":"http:\/\/www.messinaoggi.it\/website\/?p=98977"},"modified":"2022-03-01T08:22:43","modified_gmt":"2022-03-01T07:22:43","slug":"relazione-di-fine-mandato-la-sintesi-di-cateno-de-luca","status":"publish","type":"post","link":"https:\/\/www.messinaoggi.it\/website\/2022\/03\/01\/relazione-di-fine-mandato-la-sintesi-di-cateno-de-luca\/","title":{"rendered":"Relazione di fine mandato, la &#8220;sintesi&#8221; di Cateno De Luca"},"content":{"rendered":"\n<p>Nel corso di una conferenza stampa, convocata per domani alle 9.30 presso la chiesa S. Maria Alemanna, l\u2019ex sindaco di Messina Cateno De Luca illustrer\u00e0 i principali obiettivi raggiunti durante il suo mandato amministrativo.<div id=\"div-gpt-ad-Messinaoggi.it-DSK-300x250-corpoart\" style=\"text-align:center;margin:0 auto;\"><\/div><\/p>\n\n\n\n<p>\u201cAbbiamo cercato di sintetizzare in poche pagine, 489 circa, spiega Cateno De Luca, lo straordinario lavoro che abbiamo svolto dalla data del nostro insediamento, 26 giugno 2018, fino all\u2019ultimo giorno di permanenza a Palazzo Zanca, il 14 febbraio 2022. Non si tratta, sottolinea De Luca, di un atto dovuto, perch\u00e9 nessuna legge mi impone di farla, ma la mia \u00e8 una scelta di correttezza nei confronti della mia comunit\u00e0.\u201d<div id=\"videoincontent\" style=\"clear:both\";><\/div><\/p>\n\n\n\n<p>Gi\u00e0 nei giorni scorsi la relazione \u00e8 stata inviata alla stampa al fine di consentirne la consultazione in vista dell\u2019incontro di domani, che vuole rappresentare un vero e proprio momento di confronto sui contenuti.<\/p>\n","protected":false},"excerpt":{"rendered":"<p>Nel corso di una conferenza stampa, convocata per domani alle 9.30 presso la chiesa S. Maria Alemanna, l\u2019ex sindaco di Messina Cateno De Luca illustrer\u00e0 i principali obiettivi raggiunti durante il suo mandato amministrativo. \u201cAbbiamo cercato di sintetizzare in poche pagine, 489 circa, spiega Cateno De Luca, lo straordinario lavoro che abbiamo svolto dalla data [&hellip;]<\/p>\n","protected":false},"author":4,"featured_media":53543,"comment_status":"open","ping_status":"open","sticky":false,"template":"","format":"standard","meta":{"ub_ctt_via":"","_mi_skip_tracking":false},"categories":[4],"tags":[126],"featured_image_src":"https:\/\/www.messinaoggi.it\/website\/wp-content\/uploads\/2021\/02\/AADC79E6-D4F8-4FA5-B002-11B7672F8A3E.jpeg","author_info":{"display_name":"redme","author_link":"https:\/\/www.messinaoggi.it\/website\/author\/redme\/"},"digistream_id":0,"digistream":false,"_links":{"self":[{"href":"https:\/\/www.messinaoggi.it\/website\/wp-json\/wp\/v2\/posts\/98977"}],"collection":[{"href":"https:\/\/www.messinaoggi.it\/website\/wp-json\/wp\/v2\/posts"}],"about":[{"href":"https:\/\/www.messinaoggi.it\/website\/wp-json\/wp\/v2\/types\/post"}],"author":[{"embeddable":true,"href":"https:\/\/www.messinaoggi.it\/website\/wp-json\/wp\/v2\/users\/4"}],"replies":[{"embeddable":true,"href":"https:\/\/www.messinaoggi.it\/website\/wp-json\/wp\/v2\/comments?post=98977"}],"version-history":[{"count":1,"href":"https:\/\/www.messinaoggi.it\/website\/wp-json\/wp\/v2\/posts\/98977\/revisions"}],"predecessor-version":[{"id":98978,"href":"https:\/\/www.messinaoggi.it\/website\/wp-json\/wp\/v2\/posts\/98977\/revisions\/98978"}],"wp:featuredmedia":[{"embeddable":true,"href":"https:\/\/www.messinaoggi.it\/website\/wp-json\/wp\/v2\/media\/53543"}],"wp:attachment":[{"href":"https:\/\/www.messinaoggi.it\/website\/wp-json\/wp\/v2\/media?parent=98977"}],"wp:term":[{"taxonomy":"category","embeddable":true,"href":"https:\/\/www.messinaoggi.it\/website\/wp-json\/wp\/v2\/categories?post=98977"},{"taxonomy":"post_tag","embeddable":true,"href":"https:\/\/www.messinaoggi.it\/website\/wp-json\/wp\/v2\/tags?post=98977"}],"curies":[{"name":"wp","href":"https:\/\/api.w.org\/{rel}","templated":true}]}}