{"id":98945,"date":"2022-02-28T19:07:37","date_gmt":"2022-02-28T18:07:37","guid":{"rendered":"https:\/\/www.messinaoggi.it\/website\/2022\/02\/28\/ucraina-guerini-dallue-rapida-e-concreta-solidarieta\/"},"modified":"2022-02-28T19:07:37","modified_gmt":"2022-02-28T18:07:37","slug":"ucraina-guerini-dallue-rapida-e-concreta-solidarieta","status":"publish","type":"post","link":"https:\/\/www.messinaoggi.it\/website\/2022\/02\/28\/ucraina-guerini-dallue-rapida-e-concreta-solidarieta\/","title":{"rendered":"Ucraina, Guerini \u201cDall\u2019Ue rapida e concreta solidariet\u00e0\u201d"},"content":{"rendered":"<div>ROMA (ITALPRESS) &#8211; &#8220;Siamo vicini all&#8217;Ucraina e al suo popolo. Condanniamo con fermezza, ancora una volta, l&#8217;ingiustificata aggressione russa alla sovranit\u00e0 ucraina, che \u00e8 anche una grave minaccia alla sicurezza internazionale. L&#8217;Europa sta dimostrando concretamente questa vicinanza&#8221;. Cos\u00ec il ministro della Difesa Lorenzo Guerini, oggi collegato in videoconferenza con i ministri della Difesa dell&#8217;Unione Europea per il Consiglio affari esteri in formato difesa.<br \/>Guerini ha, inoltre, espresso apprezzamento per la decisione dell&#8217;Unione Europea di supportare la resilienza e la difesa ucraine attraverso lo European Peace Facility e ha concordato anche sull&#8217;opportunit\u00e0 di coordinare tutte le attivit\u00e0 di sostegno alle Forze Armate ucraine e l&#8217;invio di materiale e equipaggiamento militare, in collaborazione con Stati Uniti e Regno Unito.<br \/>&#8220;Abbiamo l&#8217;esigenza di coordinarci e di agire rapidamente&#8221;, ha sottolineato il ministro, ricordando che &#8220;anche l&#8217;Italia, nell&#8217;ambito delle decisioni assunte dall&#8217;Unione Europea e dopo i previsti passaggi istituzionali nazionali, invier\u00e0 sistemi d&#8217;arma ed altri equipaggiamenti militari in favore delle Forze Armate ucraine&#8221;. &#8220;Una risposta importante che da il segno della concreta solidariet\u00e0 all&#8217;Ucraina. Chi voleva dividerci \u00e8 rimasto deluso. La NATO \u00e8 pi\u00f9 forte, l&#8217;Europa pi\u00f9 unita&#8221;, ha concluso il ministro.<br \/>(ITALPRESS).<\/div>\n<div id=\"div-gpt-ad-Messinaoggi.it-DSK-300x250-corpoart\" style=\"text-align:center;margin:0 auto;\"><\/div><\/p><div id=\"videoincontent\" style=\"clear:both\";><\/div>","protected":false},"excerpt":{"rendered":"<p>ROMA (ITALPRESS) &#8211; &#8220;Siamo vicini all&#8217;Ucraina e al suo popolo. Condanniamo con fermezza, ancora una volta, l&#8217;ingiustificata aggressione russa alla sovranit\u00e0 ucraina, che \u00e8 anche una grave minaccia alla sicurezza internazionale. L&#8217;Europa sta dimostrando concretamente questa vicinanza&#8221;. Cos\u00ec il ministro della Difesa Lorenzo Guerini, oggi collegato in videoconferenza con i ministri della Difesa dell&#8217;Unione Europea [&hellip;]<\/p>\n","protected":false},"author":18,"featured_media":98946,"comment_status":"closed","ping_status":"closed","sticky":false,"template":"","format":"standard","meta":{"ub_ctt_via":"","_mi_skip_tracking":false},"categories":[446],"tags":[783],"featured_image_src":"https:\/\/www.messinaoggi.it\/website\/wp-content\/uploads\/2022\/02\/20220228_2002.jpg","author_info":{"display_name":"Admin","author_link":"https:\/\/www.messinaoggi.it\/website\/author\/admin\/"},"digistream_id":0,"digistream":false,"_links":{"self":[{"href":"https:\/\/www.messinaoggi.it\/website\/wp-json\/wp\/v2\/posts\/98945"}],"collection":[{"href":"https:\/\/www.messinaoggi.it\/website\/wp-json\/wp\/v2\/posts"}],"about":[{"href":"https:\/\/www.messinaoggi.it\/website\/wp-json\/wp\/v2\/types\/post"}],"author":[{"embeddable":true,"href":"https:\/\/www.messinaoggi.it\/website\/wp-json\/wp\/v2\/users\/18"}],"replies":[{"embeddable":true,"href":"https:\/\/www.messinaoggi.it\/website\/wp-json\/wp\/v2\/comments?post=98945"}],"version-history":[{"count":0,"href":"https:\/\/www.messinaoggi.it\/website\/wp-json\/wp\/v2\/posts\/98945\/revisions"}],"wp:featuredmedia":[{"embeddable":true,"href":"https:\/\/www.messinaoggi.it\/website\/wp-json\/wp\/v2\/media\/98946"}],"wp:attachment":[{"href":"https:\/\/www.messinaoggi.it\/website\/wp-json\/wp\/v2\/media?parent=98945"}],"wp:term":[{"taxonomy":"category","embeddable":true,"href":"https:\/\/www.messinaoggi.it\/website\/wp-json\/wp\/v2\/categories?post=98945"},{"taxonomy":"post_tag","embeddable":true,"href":"https:\/\/www.messinaoggi.it\/website\/wp-json\/wp\/v2\/tags?post=98945"}],"curies":[{"name":"wp","href":"https:\/\/api.w.org\/{rel}","templated":true}]}}