{"id":98933,"date":"2022-02-28T18:07:36","date_gmt":"2022-02-28T17:07:36","guid":{"rendered":"https:\/\/www.messinaoggi.it\/website\/2022\/02\/28\/di-maio-ue-compatta-pronti-a-inasprire-le-sanzioni-alla-russia\/"},"modified":"2022-02-28T18:07:36","modified_gmt":"2022-02-28T17:07:36","slug":"di-maio-ue-compatta-pronti-a-inasprire-le-sanzioni-alla-russia","status":"publish","type":"post","link":"https:\/\/www.messinaoggi.it\/website\/2022\/02\/28\/di-maio-ue-compatta-pronti-a-inasprire-le-sanzioni-alla-russia\/","title":{"rendered":"Di Maio \u201cUe compatta, pronti a inasprire le sanzioni alla Russia\u201d"},"content":{"rendered":"<div>ALGERI (ALGERIA) (ITALPRESS) &#8211; &#8220;I colloqui odierni ci hanno permesso di passare in rassegna le principali questioni bilaterali, i recenti sviluppi internazionali. Questa missione si inserisce in un contesto internazionale drammaticamente cambiato a seguito dell&#8217;aggressione militare verso l&#8217;Ucraina&#8221;. Lo ha detto il ministro degli Affari Esteri, Luigi Di Maio, in visita ad Algeri.<br \/>&#8220;Tra le vittime di questa guerra purtroppo c&#8217;\u00e8 anche un giovane algerino &#8211; ha aggiunto -. Esprimo tutta la solidariet\u00e0 alla famiglia in nome del governo italiano. In questo momento l&#8217;Italia \u00e8 al fianco del popolo ucraino, l&#8217;Unione Europea sta reagendo in maniera compatta anche perch\u00e8 a rischio c&#8217;\u00e8 la sicurezza dell&#8217;intero continente&#8221;.<br \/>&#8220;Per noi tutti il popolo ucraino rappresenta una resistenza europea. Continueremo con tutti i partner G7 a sostenere il governo ucraino economicamente e militarmente&#8221;, ha sottolineato il ministro -. D&#8217;intesa con i nostri partner europei ed atlantici siamo pronti a fare di pi\u00f9 in termini di sanzioni alla Russia&#8221;.<br \/>(ITALPRESS).<\/div>\n<div id=\"div-gpt-ad-Messinaoggi.it-DSK-300x250-corpoart\" style=\"text-align:center;margin:0 auto;\"><\/div><\/p><div id=\"videoincontent\" style=\"clear:both\";><\/div>","protected":false},"excerpt":{"rendered":"<p>ALGERI (ALGERIA) (ITALPRESS) &#8211; &#8220;I colloqui odierni ci hanno permesso di passare in rassegna le principali questioni bilaterali, i recenti sviluppi internazionali. Questa missione si inserisce in un contesto internazionale drammaticamente cambiato a seguito dell&#8217;aggressione militare verso l&#8217;Ucraina&#8221;. Lo ha detto il ministro degli Affari Esteri, Luigi Di Maio, in visita ad Algeri.&#8220;Tra le vittime [&hellip;]<\/p>\n","protected":false},"author":18,"featured_media":98934,"comment_status":"closed","ping_status":"closed","sticky":false,"template":"","format":"standard","meta":{"ub_ctt_via":"","_mi_skip_tracking":false},"categories":[446],"tags":[783],"featured_image_src":"https:\/\/www.messinaoggi.it\/website\/wp-content\/uploads\/2022\/02\/20220228_1798.jpg","author_info":{"display_name":"Admin","author_link":"https:\/\/www.messinaoggi.it\/website\/author\/admin\/"},"digistream_id":0,"digistream":false,"_links":{"self":[{"href":"https:\/\/www.messinaoggi.it\/website\/wp-json\/wp\/v2\/posts\/98933"}],"collection":[{"href":"https:\/\/www.messinaoggi.it\/website\/wp-json\/wp\/v2\/posts"}],"about":[{"href":"https:\/\/www.messinaoggi.it\/website\/wp-json\/wp\/v2\/types\/post"}],"author":[{"embeddable":true,"href":"https:\/\/www.messinaoggi.it\/website\/wp-json\/wp\/v2\/users\/18"}],"replies":[{"embeddable":true,"href":"https:\/\/www.messinaoggi.it\/website\/wp-json\/wp\/v2\/comments?post=98933"}],"version-history":[{"count":0,"href":"https:\/\/www.messinaoggi.it\/website\/wp-json\/wp\/v2\/posts\/98933\/revisions"}],"wp:featuredmedia":[{"embeddable":true,"href":"https:\/\/www.messinaoggi.it\/website\/wp-json\/wp\/v2\/media\/98934"}],"wp:attachment":[{"href":"https:\/\/www.messinaoggi.it\/website\/wp-json\/wp\/v2\/media?parent=98933"}],"wp:term":[{"taxonomy":"category","embeddable":true,"href":"https:\/\/www.messinaoggi.it\/website\/wp-json\/wp\/v2\/categories?post=98933"},{"taxonomy":"post_tag","embeddable":true,"href":"https:\/\/www.messinaoggi.it\/website\/wp-json\/wp\/v2\/tags?post=98933"}],"curies":[{"name":"wp","href":"https:\/\/api.w.org\/{rel}","templated":true}]}}