{"id":98929,"date":"2022-02-28T17:07:34","date_gmt":"2022-02-28T16:07:34","guid":{"rendered":"https:\/\/www.messinaoggi.it\/website\/2022\/02\/28\/de-gregori-e-venditti-per-la-prima-volta-insieme-in-tour\/"},"modified":"2022-02-28T18:13:58","modified_gmt":"2022-02-28T17:13:58","slug":"de-gregori-e-venditti-per-la-prima-volta-insieme-in-tour","status":"publish","type":"post","link":"https:\/\/www.messinaoggi.it\/website\/2022\/02\/28\/de-gregori-e-venditti-per-la-prima-volta-insieme-in-tour\/","title":{"rendered":"De Gregori e Venditti per la prima volta insieme in tour"},"content":{"rendered":"<div>MILANO (ITALPRESS) &#8211; Cinquant&#8217;anni dopo &#8220;Theorius Campus&#8221;, album che registrarono insieme nel 1972, Antonello Venditti e Francesco De Gregori si ritrovano per un lungo tour estivo. Ad anticipare il tour Venditti &amp; De Gregori (\u00abPer dirimere la questione di quale dei nostri nomi dovesse stare davanti abbiamo tirato una monetina\u00bb, rivela De Gregori) sar\u00e0 il concerto del 18 giugno allo Stadio Olimpico, citt\u00e0 dove entrambi sono nati e da dove \u00e8 partita la loro carriera. Nell&#8217;attesa, da domani, sar\u00e0 disponibile, su Amazon e nei negozi digitali, il 45 giri da collezione con la reinterpretazione a due voci di &#8220;Generale&#8221; di De Gregori e &#8220;Ricordati di me&#8221; di Venditti. \u00abA me e Antonello l&#8217;idea di cantare insieme non ci era mai passata dalla testa, avevamo fatto un tour in Ungheria da ragazzini e ci era piaciuto. Poi abbiamo avuto due carriere diverse, ma quell&#8217;essere stati allattati dallo stesso latte ci ha tenuto uniti\u00bb, racconta De Gregori. <br \/>\u00abNoi veniamo da Coppi e Bartali, da quelle rivalit\u00e0 storiche e siamo stati visti come antagonisti dai nostri fan &#8211; gli fa eco Venditti -. Ogni tanto c&#8217;\u00e8 stata qualche piccola scintilletta e abbiamo fatto qualcosa insieme come &#8220;Io e mio fratello&#8221;, ma mai nulla di strutturato. Stavolta, invece, abbiamo detto: dobbiamo farlo! Ed \u00e8 bellissimo ritrovarsi in un momento cos\u00ec importante\u00bb. A fare scattare la scintilla, raccontano, \u00e8 stato un pranzo in un ristorante romano, lo stesso finito col lancio della monetina per dare il titolo al tour che proseguir\u00e0 nei teatri andando avanti fino al 2023 e, con ogni probabilit\u00e0, diventer\u00e0 un racconto per immagini. \u00abSar\u00e0 un lungo viaggio che stiamo registrando seguendo uno stile documentaristico\u00bb, dicono anticipando che gli spettacoli estivi saranno diversi da quelli nei teatri, \u00abuna scelta interessante che ci permetter\u00e0 di modulare spettacoli diversi con atmosfere diverse\u00bb. I due cantautori non danno altre anticipazioni, se non rivelare che canteranno quasi tutti i pezzi a due voci, che la scaletta, ancora da decidere, non sar\u00e0 come dice causticamente De Gregori, \u00abragionata in termini di Manuale Cencelli, abbiamo scelto di inseguire le belle sensazioni\u00bb, e che la band, formata da musicisti che da anni seguono i due artisti, \u00abpotrebbe cambiare nel tempo\u00bb. In un momento come questo le tensioni internazionali e la guerra in corso in Ucraina non potevano restare fuori. \u00abCi dispiace che, dopo tanta attesa, questa conferenza stampa si stia tenendo oggi. Sto seguendo in Tv quello che sta accadendo e ho visto paura e smarrimento sulle facce di tutti, ma cosa dovrebbe fare il mondo della musica? Un concerto? Come dice Checco Zalone in &#8220;Maremoto a Porto Cervo&#8221; gli artisti devono scrivere le canzoni prima e non dopo\u00bb, risponde l&#8217;autore di &#8220;Generale&#8221; a chi chiedeva il perch\u00e8 gli artisti non stiano facendo sentire la loro voce. <br \/>\u00abNoi abbiamo visto 50 anni di marce e di concerti, la verit\u00e0 \u00e8 nell&#8217;arte e nelle canzoni: quelle belle e adatte sono poche. Piuttosto che sentirne di brutte, meglio il silenzio\u00bb, aggiunge Venditti. Sollecitati da una domanda, poi, i due ricordano Lucio Dalla di cui, domani, ricorre il decennale della morte. \u00abHo avuto la fortuna di lavorare con Lucio due volte. Per me lui c&#8217;\u00e8 sempre e non riesco a fare mio l&#8217;aspetto celebrativo\u00bb, dice De Gregori. \u00abLucio mi ha salvato in tanti modi, anche trovandomi casa a Roma vicino alla sua dopo la mia separazione, per questo mi sono battuto per far mettere una targa in suo ricordo nella casa dove ha vissuto fino al 1986. Io stavo sempre a sentirlo perch\u00e8 raramente aveva torto. Lui, ancora prima di Pavarotti, aveva capito che tutte le arti potevano esistere insieme. Quando nella notte mi chiamarono per dirmi che era morto, fu davvero brutto e a me piace ricordarlo non l&#8217;1 marzo ma il 4, il giorno del suo compleanno, perch\u00e8 per me le morti non esistono\u00bb. <br \/>(ITALPRESS).<\/div>\n<div id=\"div-gpt-ad-Messinaoggi.it-DSK-300x250-corpoart\" style=\"text-align:center;margin:0 auto;\"><\/div><\/p><div id=\"videoincontent\" style=\"clear:both\";><\/div>","protected":false},"excerpt":{"rendered":"<p>MILANO (ITALPRESS) &#8211; Cinquant&#8217;anni dopo &#8220;Theorius Campus&#8221;, album che registrarono insieme nel 1972, Antonello Venditti e Francesco De Gregori si ritrovano per un lungo tour estivo. Ad anticipare il tour Venditti &amp; De Gregori (\u00abPer dirimere la questione di quale dei nostri nomi dovesse stare davanti abbiamo tirato una monetina\u00bb, rivela De Gregori) sar\u00e0 il [&hellip;]<\/p>\n","protected":false},"author":18,"featured_media":98930,"comment_status":"closed","ping_status":"closed","sticky":false,"template":"","format":"standard","meta":{"ub_ctt_via":"","_mi_skip_tracking":false},"categories":[446,17],"tags":[783],"featured_image_src":"https:\/\/www.messinaoggi.it\/website\/wp-content\/uploads\/2022\/02\/20220228_1576.jpg","author_info":{"display_name":"Admin","author_link":"https:\/\/www.messinaoggi.it\/website\/author\/admin\/"},"digistream_id":0,"digistream":false,"_links":{"self":[{"href":"https:\/\/www.messinaoggi.it\/website\/wp-json\/wp\/v2\/posts\/98929"}],"collection":[{"href":"https:\/\/www.messinaoggi.it\/website\/wp-json\/wp\/v2\/posts"}],"about":[{"href":"https:\/\/www.messinaoggi.it\/website\/wp-json\/wp\/v2\/types\/post"}],"author":[{"embeddable":true,"href":"https:\/\/www.messinaoggi.it\/website\/wp-json\/wp\/v2\/users\/18"}],"replies":[{"embeddable":true,"href":"https:\/\/www.messinaoggi.it\/website\/wp-json\/wp\/v2\/comments?post=98929"}],"version-history":[{"count":1,"href":"https:\/\/www.messinaoggi.it\/website\/wp-json\/wp\/v2\/posts\/98929\/revisions"}],"predecessor-version":[{"id":98935,"href":"https:\/\/www.messinaoggi.it\/website\/wp-json\/wp\/v2\/posts\/98929\/revisions\/98935"}],"wp:featuredmedia":[{"embeddable":true,"href":"https:\/\/www.messinaoggi.it\/website\/wp-json\/wp\/v2\/media\/98930"}],"wp:attachment":[{"href":"https:\/\/www.messinaoggi.it\/website\/wp-json\/wp\/v2\/media?parent=98929"}],"wp:term":[{"taxonomy":"category","embeddable":true,"href":"https:\/\/www.messinaoggi.it\/website\/wp-json\/wp\/v2\/categories?post=98929"},{"taxonomy":"post_tag","embeddable":true,"href":"https:\/\/www.messinaoggi.it\/website\/wp-json\/wp\/v2\/tags?post=98929"}],"curies":[{"name":"wp","href":"https:\/\/api.w.org\/{rel}","templated":true}]}}