{"id":98909,"date":"2022-02-28T15:07:35","date_gmt":"2022-02-28T14:07:35","guid":{"rendered":"https:\/\/www.messinaoggi.it\/website\/2022\/02\/28\/buffon-rinnova-col-parma-fino-al-2024-sono-ancora-calciatore\/"},"modified":"2022-02-28T15:07:35","modified_gmt":"2022-02-28T14:07:35","slug":"buffon-rinnova-col-parma-fino-al-2024-sono-ancora-calciatore","status":"publish","type":"post","link":"https:\/\/www.messinaoggi.it\/website\/2022\/02\/28\/buffon-rinnova-col-parma-fino-al-2024-sono-ancora-calciatore\/","title":{"rendered":"Buffon rinnova col Parma fino al 2024 \u201cSono ancora calciatore\u201d"},"content":{"rendered":"<div>PARMA (ITALPRESS) &#8211; Gianluigi Buffon ha rinnovato il suo contratto con il Parma per un&#8217;altra stagione, fino al 2024. L&#8217;annuncio \u00e8 stato dato in conferenza dal presidente del club ducale, Kyle Krause. &#8220;E&#8217; un grandissimo giocatore e questo \u00e8 un grandissimo orgoglio per noi &#8211; ha detto il magnate americano &#8211; Oltre alle sue grandi doti di leadership \u00e8 una persona dalle grandissime doti umane. Gigi ha una grande passione verso il Parma e Parma, che noi possiamo vedere ogni giorno. Siamo molto contenti per il suo supporto e il suo impegno&#8221;. Poi ha preso la parola il portiere crociato, accompagnato dalla famiglia al completo e dallo storico agente Silvano Martina. &#8220;E&#8217; una bella giornata per me e tutta la mia famiglia, alla fine \u00e8 successo quello che volevamo io, la societ\u00e0, il presidente e mi auguro anche i tifosi e la citt\u00e0 &#8211; le parole dell&#8217;ex numero 1 della Nazionale e della Juventus, che era in scadenza nel 2023 e che dunque continuer\u00e0 a giocare almeno sino a sino a 46 anni &#8211; Il mio ritorno a Parma \u00e8 stato influenzato dal legame profondo con la citt\u00e0 e la gente di Parma&#8221;. &#8220;In questo momento diventava importante, dopo sette mesi fatti in maniera convincente, prendermi un atto di responsabilit\u00e0 e dare la mia totale apertura e adesione a questo prolungamento. Per il ruolo che ho avuto quest&#8217;anno e che forse avr\u00f2 anche in futuro era importante dare all&#8217;esterno un segnale di forza e compattezza, se non avessi creduto in me stesso e nel progetto probabilmente non avrei accettato la proposta. Non ho bisogno di altre sfide superflue e inutili, questa \u00e8 bella e molto entusiasmante: sento che posso dare una grande mano. Il futuro nel mondo del calcio? La mia testa sta ragionando solo ed esclusivamente da calciatore &#8211; conclude Buffon, campione del mondo con l&#8217;Italia di Lippi in Germania nel 2006 &#8211; non voglio disperdere energie n\u00e8 avere nessun tipo di rimpianto&#8221;.<br \/>(ITALPRESS).<\/div>\n<div id=\"div-gpt-ad-Messinaoggi.it-DSK-300x250-corpoart\" style=\"text-align:center;margin:0 auto;\"><\/div><\/p><div id=\"videoincontent\" style=\"clear:both\";><\/div>","protected":false},"excerpt":{"rendered":"<p>PARMA (ITALPRESS) &#8211; Gianluigi Buffon ha rinnovato il suo contratto con il Parma per un&#8217;altra stagione, fino al 2024. L&#8217;annuncio \u00e8 stato dato in conferenza dal presidente del club ducale, Kyle Krause. &#8220;E&#8217; un grandissimo giocatore e questo \u00e8 un grandissimo orgoglio per noi &#8211; ha detto il magnate americano &#8211; Oltre alle sue grandi [&hellip;]<\/p>\n","protected":false},"author":18,"featured_media":98910,"comment_status":"closed","ping_status":"closed","sticky":false,"template":"","format":"standard","meta":{"ub_ctt_via":"","_mi_skip_tracking":false},"categories":[446],"tags":[783],"featured_image_src":"https:\/\/www.messinaoggi.it\/website\/wp-content\/uploads\/2022\/02\/20220228_0734.jpg","author_info":{"display_name":"Admin","author_link":"https:\/\/www.messinaoggi.it\/website\/author\/admin\/"},"digistream_id":0,"digistream":false,"_links":{"self":[{"href":"https:\/\/www.messinaoggi.it\/website\/wp-json\/wp\/v2\/posts\/98909"}],"collection":[{"href":"https:\/\/www.messinaoggi.it\/website\/wp-json\/wp\/v2\/posts"}],"about":[{"href":"https:\/\/www.messinaoggi.it\/website\/wp-json\/wp\/v2\/types\/post"}],"author":[{"embeddable":true,"href":"https:\/\/www.messinaoggi.it\/website\/wp-json\/wp\/v2\/users\/18"}],"replies":[{"embeddable":true,"href":"https:\/\/www.messinaoggi.it\/website\/wp-json\/wp\/v2\/comments?post=98909"}],"version-history":[{"count":0,"href":"https:\/\/www.messinaoggi.it\/website\/wp-json\/wp\/v2\/posts\/98909\/revisions"}],"wp:featuredmedia":[{"embeddable":true,"href":"https:\/\/www.messinaoggi.it\/website\/wp-json\/wp\/v2\/media\/98910"}],"wp:attachment":[{"href":"https:\/\/www.messinaoggi.it\/website\/wp-json\/wp\/v2\/media?parent=98909"}],"wp:term":[{"taxonomy":"category","embeddable":true,"href":"https:\/\/www.messinaoggi.it\/website\/wp-json\/wp\/v2\/categories?post=98909"},{"taxonomy":"post_tag","embeddable":true,"href":"https:\/\/www.messinaoggi.it\/website\/wp-json\/wp\/v2\/tags?post=98909"}],"curies":[{"name":"wp","href":"https:\/\/api.w.org\/{rel}","templated":true}]}}