{"id":98878,"date":"2022-02-28T13:07:42","date_gmt":"2022-02-28T12:07:42","guid":{"rendered":"https:\/\/www.messinaoggi.it\/website\/2022\/02\/28\/coppa-italia-pioli-e-primo-round-ma-e-sempre-un-derby\/"},"modified":"2022-02-28T13:07:42","modified_gmt":"2022-02-28T12:07:42","slug":"coppa-italia-pioli-e-primo-round-ma-e-sempre-un-derby","status":"publish","type":"post","link":"https:\/\/www.messinaoggi.it\/website\/2022\/02\/28\/coppa-italia-pioli-e-primo-round-ma-e-sempre-un-derby\/","title":{"rendered":"Coppa Italia, Pioli \u201cE\u2019 primo round ma \u00e8 sempre un derby\u201d"},"content":{"rendered":"<div>MILANO (ITALPRESS) &#8211; &#8220;La squadra si avvicina al match con grande attenzione. E&#8217; vero che \u00e8 soltanto il primo round, e che il secondo sar\u00e0 fra un p\u00f2 di tempo, ma sarebbe importante cominciare bene, anche grazie all&#8217;aiuto del nostro pubblico&#8221;. Cos\u00ec, in conferenza stampa, il tecnico del Milan Stefano Pioli alla vigilia della gara di andata delle semifinali di Coppa Italia contro l&#8217;Inter. I rossoneri giocheranno domani sera &#8220;in casa&#8221;. &#8220;C&#8217;\u00e8 molto equilibrio fra le due squadre. In pi\u00f9 \u00e8 un derby e pu\u00f2 succedere di tutto. Per me avr\u00e0 la meglio, come avevo detto prima dell&#8217;ultimo derby, chi vincer\u00e0 pi\u00f9 confronti diretti. Credo che avremo la carica e la determinazione giuste. Dobbiamo essere coraggiosi e forti&#8221;, ha aggiunto Pioli.<br \/>\n&#8220;E&#8217; una settimana molto importante per noi ma non sar\u00e0 decisiva. In Coppa Italia, ripeto, ci sar\u00e0 il match di ritorno. Il campionato, invece, dopo la gara contro il Napoli, rimarr\u00e0 ancora molto lungo, con tante partite da giocare&#8221;, ha detto ancora il tecnico del Milan. &#8220;Quota scudetto? Ero bravo in matematica ma non faccio questi conti. Ci sono ancora 33 punti a disposizione e, come ho gi\u00e0 detto, possono lottare per il titolo ancora le prime cinque squadre della classifica. Di punti ne serviranno tanti, di sicuro pi\u00f9 di 80. Ibra? Sta meglio, ma va valutato giorno dopo giorno. Non so dire ora se riuscir\u00e0 a recuperare per la gara contro il Napoli&#8221;, ha precisato Pioli, il quale, subito dopo la gara di andata della semifinale di Coppa Italia, dovr\u00e0 pensare alla delicata trasferta di domenica sera, contro il Napoli. &#8220;E&#8217; la testa che fa la differenza, che fa giocare con pi\u00f9 qualit\u00e0 e che ti aiuta a essere lucido nei momenti decisivi. Nelle ultime partite non abbiamo giocato al massimo delle nostre possibilit\u00e0. Adesso dobbiamo raccogliere quanto seminato. Abbiamo fatto tanto in questi ultimi due anni, ci manca ora l&#8217;ultimo step. Io sono fiducioso&#8221;, ha concluso l&#8217;allenatore del Milan.<br \/>\n(ITALPRESS).<\/div>\n<div id=\"div-gpt-ad-Messinaoggi.it-DSK-300x250-corpoart\" style=\"text-align:center;margin:0 auto;\"><\/div><\/p><div id=\"videoincontent\" style=\"clear:both\";><\/div>","protected":false},"excerpt":{"rendered":"<p>MILANO (ITALPRESS) &#8211; &#8220;La squadra si avvicina al match con grande attenzione. E&#8217; vero che \u00e8 soltanto il primo round, e che il secondo sar\u00e0 fra un p\u00f2 di tempo, ma sarebbe importante cominciare bene, anche grazie all&#8217;aiuto del nostro pubblico&#8221;. Cos\u00ec, in conferenza stampa, il tecnico del Milan Stefano Pioli alla vigilia della gara [&hellip;]<\/p>\n","protected":false},"author":18,"featured_media":98879,"comment_status":"closed","ping_status":"closed","sticky":false,"template":"","format":"standard","meta":{"ub_ctt_via":"","_mi_skip_tracking":false},"categories":[446],"tags":[783],"featured_image_src":"https:\/\/www.messinaoggi.it\/website\/wp-content\/uploads\/2022\/02\/20220228_0426.jpg","author_info":{"display_name":"Admin","author_link":"https:\/\/www.messinaoggi.it\/website\/author\/admin\/"},"digistream_id":0,"digistream":false,"_links":{"self":[{"href":"https:\/\/www.messinaoggi.it\/website\/wp-json\/wp\/v2\/posts\/98878"}],"collection":[{"href":"https:\/\/www.messinaoggi.it\/website\/wp-json\/wp\/v2\/posts"}],"about":[{"href":"https:\/\/www.messinaoggi.it\/website\/wp-json\/wp\/v2\/types\/post"}],"author":[{"embeddable":true,"href":"https:\/\/www.messinaoggi.it\/website\/wp-json\/wp\/v2\/users\/18"}],"replies":[{"embeddable":true,"href":"https:\/\/www.messinaoggi.it\/website\/wp-json\/wp\/v2\/comments?post=98878"}],"version-history":[{"count":0,"href":"https:\/\/www.messinaoggi.it\/website\/wp-json\/wp\/v2\/posts\/98878\/revisions"}],"wp:featuredmedia":[{"embeddable":true,"href":"https:\/\/www.messinaoggi.it\/website\/wp-json\/wp\/v2\/media\/98879"}],"wp:attachment":[{"href":"https:\/\/www.messinaoggi.it\/website\/wp-json\/wp\/v2\/media?parent=98878"}],"wp:term":[{"taxonomy":"category","embeddable":true,"href":"https:\/\/www.messinaoggi.it\/website\/wp-json\/wp\/v2\/categories?post=98878"},{"taxonomy":"post_tag","embeddable":true,"href":"https:\/\/www.messinaoggi.it\/website\/wp-json\/wp\/v2\/tags?post=98878"}],"curies":[{"name":"wp","href":"https:\/\/api.w.org\/{rel}","templated":true}]}}