{"id":98810,"date":"2022-02-27T15:47:33","date_gmt":"2022-02-27T14:47:33","guid":{"rendered":"https:\/\/www.messinaoggi.it\/website\/2022\/02\/27\/balneari-cna-in-sicilia-sono-a-rischio-3-mila-imprese\/"},"modified":"2022-02-27T15:47:33","modified_gmt":"2022-02-27T14:47:33","slug":"balneari-cna-in-sicilia-sono-a-rischio-3-mila-imprese","status":"publish","type":"post","link":"https:\/\/www.messinaoggi.it\/website\/2022\/02\/27\/balneari-cna-in-sicilia-sono-a-rischio-3-mila-imprese\/","title":{"rendered":"Balneari, Cna: \u201cIn Sicilia sono a rischio 3 mila imprese\u201d"},"content":{"rendered":"<div>\n<p>PALERMO (ITALPRESS) \u2013 \u201cLe circa tremila imprese balneari siciliane, a fronte di enormi sacrifici ed investimenti effettuati negli anni, rischiano di ritrovarsi senza attivit\u00e0 e senza lavoro e con inevitabili riflessi negativi sui livelli occupazionali, senza poi sottovalutare le conseguenze nefaste su nostri litorali, sia in termini di decoro e di pulizia che di servizi\u201d. E\u2019 quanto affermano il coordinatore regionale della Cna, Gianpaolo Miceli, e il presidente, Guglielmo Pacchione, secondo cui \u201cla politica non ha capito l\u2019importanza del comparto, continuando a ripetere la necessit\u00e0 di dare concorrenza ad un settore che, in verit\u00e0, non occupa la totalit\u00e0 e neanche la stragrande maggioranza della costa italiana. Per queste ragioni, Cna, con grande coerenza e linearit\u00e0, continua a ribadire con forza e convinzione \u2013 sottolineano Miceli e Pacchione \u2013 che le concessioni balneari, sulla base di elementi che hanno un grande fondamento giuridico, non possono e non devono rientrare nell\u2019applicazione della direttiva servizi. Ecco perch\u00e8 non molliamo e siamo pronti a portare le nostre legittime rivendicazioni fino in fondo\u201d.<br \/>L\u2019argomento sar\u00e0 al centro di un confronto promosso dalla Cna Sicilia che si terr\u00e0 domani, a partire dalle ore 16, presso l\u2019hotel \u201cMercure Excelsior\u201d di Catania. Numerose delegazioni provenienti dalle varie province dell\u2019isola si confronteranno sulla delicata situazione degli stabilimenti, il cui futuro \u00e8 messo in seria discussione dalle recenti sentenze ed emendamenti governativi destinati a stoppare al 31 dicembre 2023 la continuit\u00e0 aziendale. <br \/>La Cna intende rilanciare \u201cla centralit\u00e0 del comparto\u201d e illustrer\u00e0 la propria posizione sindacale alla presenza anche dei presidenti e segretari provinciali e dei vertici regionali.  <br \/>\u201cAgli operatori economici del settore \u2013 assicurano il segretario Piero Giglione e il presidente Nello Battiato \u2013 garantiamo il massimo impegno per vincere questa difficile battaglia, attraverso una decisa ed incisiva linea d\u2019azione che si snoda su pi\u00f9 fronti, coordinata dal livello centrale della nostra Confederazione, tant\u2019\u00e8 che domani avremo con noi il coordinatore nazionale, Cristiano Tomei, e la presidente nazionale, Sabina Cardinali. Assieme a loro cercheremo di sensibilizzare le Istituzioni Politiche siciliane, con in testa  l\u2019Assessore regionale al Territorio e Ambiente, Toto Cordaro, che sar\u00e0 presente all\u2019assemblea nella citt\u00e0 etnea\u201d. <br \/>(ITALPRESS).<div id=\"div-gpt-ad-Messinaoggi.it-DSK-300x250-corpoart\" style=\"text-align:center;margin:0 auto;\"><\/div><\/p>\n<\/div>\n<div id=\"videoincontent\" style=\"clear:both\";><\/div>","protected":false},"excerpt":{"rendered":"<p>PALERMO (ITALPRESS) \u2013 \u201cLe circa tremila imprese balneari siciliane, a fronte di enormi sacrifici ed investimenti effettuati negli anni, rischiano di ritrovarsi senza attivit\u00e0 e senza lavoro e con inevitabili riflessi negativi sui livelli occupazionali, senza poi sottovalutare le conseguenze nefaste su nostri litorali, sia in termini di decoro e di pulizia che di servizi\u201d. [&hellip;]<\/p>\n","protected":false},"author":18,"featured_media":98811,"comment_status":"closed","ping_status":"closed","sticky":false,"template":"","format":"standard","meta":{"ub_ctt_via":"","_mi_skip_tracking":false},"categories":[2449],"tags":[783],"featured_image_src":"https:\/\/www.messinaoggi.it\/website\/wp-content\/uploads\/2022\/02\/20220227_0874.jpg","author_info":{"display_name":"Admin","author_link":"https:\/\/www.messinaoggi.it\/website\/author\/admin\/"},"digistream_id":0,"digistream":false,"_links":{"self":[{"href":"https:\/\/www.messinaoggi.it\/website\/wp-json\/wp\/v2\/posts\/98810"}],"collection":[{"href":"https:\/\/www.messinaoggi.it\/website\/wp-json\/wp\/v2\/posts"}],"about":[{"href":"https:\/\/www.messinaoggi.it\/website\/wp-json\/wp\/v2\/types\/post"}],"author":[{"embeddable":true,"href":"https:\/\/www.messinaoggi.it\/website\/wp-json\/wp\/v2\/users\/18"}],"replies":[{"embeddable":true,"href":"https:\/\/www.messinaoggi.it\/website\/wp-json\/wp\/v2\/comments?post=98810"}],"version-history":[{"count":0,"href":"https:\/\/www.messinaoggi.it\/website\/wp-json\/wp\/v2\/posts\/98810\/revisions"}],"wp:featuredmedia":[{"embeddable":true,"href":"https:\/\/www.messinaoggi.it\/website\/wp-json\/wp\/v2\/media\/98811"}],"wp:attachment":[{"href":"https:\/\/www.messinaoggi.it\/website\/wp-json\/wp\/v2\/media?parent=98810"}],"wp:term":[{"taxonomy":"category","embeddable":true,"href":"https:\/\/www.messinaoggi.it\/website\/wp-json\/wp\/v2\/categories?post=98810"},{"taxonomy":"post_tag","embeddable":true,"href":"https:\/\/www.messinaoggi.it\/website\/wp-json\/wp\/v2\/tags?post=98810"}],"curies":[{"name":"wp","href":"https:\/\/api.w.org\/{rel}","templated":true}]}}