{"id":98804,"date":"2022-02-27T13:07:33","date_gmt":"2022-02-27T12:07:33","guid":{"rendered":"https:\/\/www.messinaoggi.it\/website\/2022\/02\/27\/di-maio-firma-delibera-per-lerogazione-di-110-mln-al-popolo-dellucraina\/"},"modified":"2022-02-27T13:07:33","modified_gmt":"2022-02-27T12:07:33","slug":"di-maio-firma-delibera-per-lerogazione-di-110-mln-al-popolo-dellucraina","status":"publish","type":"post","link":"https:\/\/www.messinaoggi.it\/website\/2022\/02\/27\/di-maio-firma-delibera-per-lerogazione-di-110-mln-al-popolo-dellucraina\/","title":{"rendered":"Di Maio firma delibera per l\u2019erogazione di 110 mln al popolo dell\u2019Ucraina"},"content":{"rendered":"<div>ROMA (ITALPRESS) &#8211; &#8220;Ho comunicato al collega Dmytro Kuleba di avere appena firmato la delibera che dispone l&#8217;erogazione immediata di 110 milioni di euro al governo di Kiev, come espressione concreta della solidariet\u00e0 e del sostegno dell&#8217;Italia a un popolo con cui coltiviamo un rapporto fraterno&#8221;. Cos\u00ec su Facebook il ministro degli Affari esteri Luigi Di Maio, che aggiunge: &#8220;In questo momento l&#8217;Ucraina \u00e8 sotto assedio senza avere una colpa, attaccata con continui bombardamenti dal governo russo. La pace \u00e8 l&#8217;obiettivo per cui tutti noi continuiamo a lavorare ogni giorno e alle armi russe replichiamo con le sanzioni: l&#8217;unica via per fermare questa folle guerra. Stiamo mettendo in campo sanzioni sempre pi\u00f9 dure e gi\u00e0 al Consiglio Affari Esteri di oggi ci prepariamo a discuterne altre. <br \/>L&#8217;Ue e tutti gli alleati devono far fronte comune e continuare a dare grande prova di compattezza. Avanti con determinazione in questa &#8216;resistenza europe\u00e0 alla violenza di Putin&#8221;.<br \/>(ITALPRESS).<\/div>\n<div id=\"div-gpt-ad-Messinaoggi.it-DSK-300x250-corpoart\" style=\"text-align:center;margin:0 auto;\"><\/div><\/p><div id=\"videoincontent\" style=\"clear:both\";><\/div>","protected":false},"excerpt":{"rendered":"<p>ROMA (ITALPRESS) &#8211; &#8220;Ho comunicato al collega Dmytro Kuleba di avere appena firmato la delibera che dispone l&#8217;erogazione immediata di 110 milioni di euro al governo di Kiev, come espressione concreta della solidariet\u00e0 e del sostegno dell&#8217;Italia a un popolo con cui coltiviamo un rapporto fraterno&#8221;. Cos\u00ec su Facebook il ministro degli Affari esteri Luigi [&hellip;]<\/p>\n","protected":false},"author":18,"featured_media":98805,"comment_status":"closed","ping_status":"closed","sticky":false,"template":"","format":"standard","meta":{"ub_ctt_via":"","_mi_skip_tracking":false},"categories":[446],"tags":[783],"featured_image_src":"https:\/\/www.messinaoggi.it\/website\/wp-content\/uploads\/2022\/02\/20220227_0264-843x580-1.jpg","author_info":{"display_name":"Admin","author_link":"https:\/\/www.messinaoggi.it\/website\/author\/admin\/"},"digistream_id":0,"digistream":false,"_links":{"self":[{"href":"https:\/\/www.messinaoggi.it\/website\/wp-json\/wp\/v2\/posts\/98804"}],"collection":[{"href":"https:\/\/www.messinaoggi.it\/website\/wp-json\/wp\/v2\/posts"}],"about":[{"href":"https:\/\/www.messinaoggi.it\/website\/wp-json\/wp\/v2\/types\/post"}],"author":[{"embeddable":true,"href":"https:\/\/www.messinaoggi.it\/website\/wp-json\/wp\/v2\/users\/18"}],"replies":[{"embeddable":true,"href":"https:\/\/www.messinaoggi.it\/website\/wp-json\/wp\/v2\/comments?post=98804"}],"version-history":[{"count":0,"href":"https:\/\/www.messinaoggi.it\/website\/wp-json\/wp\/v2\/posts\/98804\/revisions"}],"wp:featuredmedia":[{"embeddable":true,"href":"https:\/\/www.messinaoggi.it\/website\/wp-json\/wp\/v2\/media\/98805"}],"wp:attachment":[{"href":"https:\/\/www.messinaoggi.it\/website\/wp-json\/wp\/v2\/media?parent=98804"}],"wp:term":[{"taxonomy":"category","embeddable":true,"href":"https:\/\/www.messinaoggi.it\/website\/wp-json\/wp\/v2\/categories?post=98804"},{"taxonomy":"post_tag","embeddable":true,"href":"https:\/\/www.messinaoggi.it\/website\/wp-json\/wp\/v2\/tags?post=98804"}],"curies":[{"name":"wp","href":"https:\/\/api.w.org\/{rel}","templated":true}]}}