{"id":98802,"date":"2022-02-27T12:07:38","date_gmt":"2022-02-27T11:07:38","guid":{"rendered":"https:\/\/www.messinaoggi.it\/website\/2022\/02\/27\/salvini-la-pace-e-una-priorita-preghiamo-col-papa-per-i-bimbi\/"},"modified":"2022-02-27T18:20:18","modified_gmt":"2022-02-27T17:20:18","slug":"salvini-la-pace-e-una-priorita-preghiamo-col-papa-per-i-bimbi","status":"publish","type":"post","link":"https:\/\/www.messinaoggi.it\/website\/2022\/02\/27\/salvini-la-pace-e-una-priorita-preghiamo-col-papa-per-i-bimbi\/","title":{"rendered":"Salvini \u201cLa pace \u00e8 una priorit\u00e0, preghiamo col Papa per i bimbi\u201d"},"content":{"rendered":"<div>ROMA (ITALPRESS) &#8211; &#8220;La priorit\u00e0, per la Lega e per tutti, \u00e8 la Pace, tornare al pi\u00f9 presto alla serenit\u00e0 e salvare vite di innocenti aggrediti e bombardati. Oltre a tutte le iniziative politiche, economiche e diplomatiche, per i Credenti \u00e8 fondamentale non smettere di pregare. Sarebbe bello che oggi, in concomitanza con le parole del Santo Padre all&#8217;Angelus, tutti si raccogliessero in un momento di preghiera, pensando soprattutto ai bimbi che stanno vivendo giorni di terrore, per un immediato Stop alla guerra e un  urgente, vitale, unitario S\u00ec alla pace&#8221;. Lo dice il leader della Lega, Matteo Salvini.<br \/>(ITALPRESS).<\/div>\n<div id=\"div-gpt-ad-Messinaoggi.it-DSK-300x250-corpoart\" style=\"text-align:center;margin:0 auto;\"><\/div><\/p><div id=\"videoincontent\" style=\"clear:both\";><\/div>","protected":false},"excerpt":{"rendered":"<p>ROMA (ITALPRESS) &#8211; &#8220;La priorit\u00e0, per la Lega e per tutti, \u00e8 la Pace, tornare al pi\u00f9 presto alla serenit\u00e0 e salvare vite di innocenti aggrediti e bombardati. Oltre a tutte le iniziative politiche, economiche e diplomatiche, per i Credenti \u00e8 fondamentale non smettere di pregare. Sarebbe bello che oggi, in concomitanza con le parole [&hellip;]<\/p>\n","protected":false},"author":18,"featured_media":98803,"comment_status":"closed","ping_status":"closed","sticky":false,"template":"","format":"standard","meta":{"ub_ctt_via":"","_mi_skip_tracking":false},"categories":[446,4],"tags":[783],"featured_image_src":"https:\/\/www.messinaoggi.it\/website\/wp-content\/uploads\/2022\/02\/20220227_0238.jpg","author_info":{"display_name":"Admin","author_link":"https:\/\/www.messinaoggi.it\/website\/author\/admin\/"},"digistream_id":0,"digistream":false,"_links":{"self":[{"href":"https:\/\/www.messinaoggi.it\/website\/wp-json\/wp\/v2\/posts\/98802"}],"collection":[{"href":"https:\/\/www.messinaoggi.it\/website\/wp-json\/wp\/v2\/posts"}],"about":[{"href":"https:\/\/www.messinaoggi.it\/website\/wp-json\/wp\/v2\/types\/post"}],"author":[{"embeddable":true,"href":"https:\/\/www.messinaoggi.it\/website\/wp-json\/wp\/v2\/users\/18"}],"replies":[{"embeddable":true,"href":"https:\/\/www.messinaoggi.it\/website\/wp-json\/wp\/v2\/comments?post=98802"}],"version-history":[{"count":1,"href":"https:\/\/www.messinaoggi.it\/website\/wp-json\/wp\/v2\/posts\/98802\/revisions"}],"predecessor-version":[{"id":98822,"href":"https:\/\/www.messinaoggi.it\/website\/wp-json\/wp\/v2\/posts\/98802\/revisions\/98822"}],"wp:featuredmedia":[{"embeddable":true,"href":"https:\/\/www.messinaoggi.it\/website\/wp-json\/wp\/v2\/media\/98803"}],"wp:attachment":[{"href":"https:\/\/www.messinaoggi.it\/website\/wp-json\/wp\/v2\/media?parent=98802"}],"wp:term":[{"taxonomy":"category","embeddable":true,"href":"https:\/\/www.messinaoggi.it\/website\/wp-json\/wp\/v2\/categories?post=98802"},{"taxonomy":"post_tag","embeddable":true,"href":"https:\/\/www.messinaoggi.it\/website\/wp-json\/wp\/v2\/tags?post=98802"}],"curies":[{"name":"wp","href":"https:\/\/api.w.org\/{rel}","templated":true}]}}