{"id":98800,"date":"2022-02-27T12:07:37","date_gmt":"2022-02-27T11:07:37","guid":{"rendered":"https:\/\/www.messinaoggi.it\/website\/2022\/02\/27\/ucraina-cardinale-bassetti-una-tragedia-ingiusta-e-uninutile-guerra\/"},"modified":"2022-02-27T12:07:37","modified_gmt":"2022-02-27T11:07:37","slug":"ucraina-cardinale-bassetti-una-tragedia-ingiusta-e-uninutile-guerra","status":"publish","type":"post","link":"https:\/\/www.messinaoggi.it\/website\/2022\/02\/27\/ucraina-cardinale-bassetti-una-tragedia-ingiusta-e-uninutile-guerra\/","title":{"rendered":"Ucraina, cardinale Bassetti: \u201cUna tragedia ingiusta e un\u2019inutile guerra\u201d"},"content":{"rendered":"<div>FIRENZE (ITALPRESS) &#8211; &#8220;Anche oggi, in questa domenica segnata purtroppo dalle terribili notizie provenienti dall&#8217;Ucraina che ci invitano a pregare e a condividere in tutti i modi in cui ci sar\u00e0 possibile la tragedia di una ingiusta e inutile guerra, la Parola di Dio illumina profondamente le nostre esistenze. Non ci aliena dalla realt\u00e0, ma al contrario ci chiede di andare al cuore dei problemi e di porre cos\u00ec le basi per un mondo pi\u00f9 giusto&#8221;. Lo ha detto il cardinale ed arcivescovo Gualtiero Bassetti prima di recitare l&#8217;omelia della funzione religiosa che si sta svolgendo all&#8217;interno della basilica di Santa Croce, a Firenze, a cui sta assistendo anche il presidente della Repubblica, Sergio Mattarella.<br \/>(ITALPRESS).<\/div>\n<div id=\"div-gpt-ad-Messinaoggi.it-DSK-300x250-corpoart\" style=\"text-align:center;margin:0 auto;\"><\/div><\/p><div id=\"videoincontent\" style=\"clear:both\";><\/div>","protected":false},"excerpt":{"rendered":"<p>FIRENZE (ITALPRESS) &#8211; &#8220;Anche oggi, in questa domenica segnata purtroppo dalle terribili notizie provenienti dall&#8217;Ucraina che ci invitano a pregare e a condividere in tutti i modi in cui ci sar\u00e0 possibile la tragedia di una ingiusta e inutile guerra, la Parola di Dio illumina profondamente le nostre esistenze. Non ci aliena dalla realt\u00e0, ma [&hellip;]<\/p>\n","protected":false},"author":18,"featured_media":98801,"comment_status":"closed","ping_status":"closed","sticky":false,"template":"","format":"standard","meta":{"ub_ctt_via":"","_mi_skip_tracking":false},"categories":[446],"tags":[783],"featured_image_src":"https:\/\/www.messinaoggi.it\/website\/wp-content\/uploads\/2022\/02\/20220227_0219.jpg","author_info":{"display_name":"Admin","author_link":"https:\/\/www.messinaoggi.it\/website\/author\/admin\/"},"digistream_id":0,"digistream":false,"_links":{"self":[{"href":"https:\/\/www.messinaoggi.it\/website\/wp-json\/wp\/v2\/posts\/98800"}],"collection":[{"href":"https:\/\/www.messinaoggi.it\/website\/wp-json\/wp\/v2\/posts"}],"about":[{"href":"https:\/\/www.messinaoggi.it\/website\/wp-json\/wp\/v2\/types\/post"}],"author":[{"embeddable":true,"href":"https:\/\/www.messinaoggi.it\/website\/wp-json\/wp\/v2\/users\/18"}],"replies":[{"embeddable":true,"href":"https:\/\/www.messinaoggi.it\/website\/wp-json\/wp\/v2\/comments?post=98800"}],"version-history":[{"count":0,"href":"https:\/\/www.messinaoggi.it\/website\/wp-json\/wp\/v2\/posts\/98800\/revisions"}],"wp:featuredmedia":[{"embeddable":true,"href":"https:\/\/www.messinaoggi.it\/website\/wp-json\/wp\/v2\/media\/98801"}],"wp:attachment":[{"href":"https:\/\/www.messinaoggi.it\/website\/wp-json\/wp\/v2\/media?parent=98800"}],"wp:term":[{"taxonomy":"category","embeddable":true,"href":"https:\/\/www.messinaoggi.it\/website\/wp-json\/wp\/v2\/categories?post=98800"},{"taxonomy":"post_tag","embeddable":true,"href":"https:\/\/www.messinaoggi.it\/website\/wp-json\/wp\/v2\/tags?post=98800"}],"curies":[{"name":"wp","href":"https:\/\/api.w.org\/{rel}","templated":true}]}}