{"id":98798,"date":"2022-02-27T12:07:35","date_gmt":"2022-02-27T11:07:35","guid":{"rendered":"https:\/\/www.messinaoggi.it\/website\/2022\/02\/27\/quirinale-mattarella-a-santa-croce-a-firenze-per-seguire-messa\/"},"modified":"2022-02-27T12:07:35","modified_gmt":"2022-02-27T11:07:35","slug":"quirinale-mattarella-a-santa-croce-a-firenze-per-seguire-messa","status":"publish","type":"post","link":"https:\/\/www.messinaoggi.it\/website\/2022\/02\/27\/quirinale-mattarella-a-santa-croce-a-firenze-per-seguire-messa\/","title":{"rendered":"Quirinale, Mattarella a Santa Croce a Firenze per seguire messa"},"content":{"rendered":"<div>FIRENZE (ITALPRESS) &#8211; Il presidente della Repubblica, Sergio Mattarella, ha fatto il suo ingresso all&#8217;interno della basilica di Santa Croce a Firenze dove assister\u00e0 alla messa che sar\u00e0 celebrata dal presidente della Cei, cardinale Gualtiero Bassetti. La funzione religiosa odierna chiude l&#8217;assemblea dei vescovi e dei sindaci del Mediterraneo che si \u00e8 svolta da mercoled\u00ec scorso nel capoluogo di regione toscano e che ha portato alla firma ieri della &#8216;Carta di Firenz\u00e8. Inizialmente la messa odierna doveva essere celebrata da Papa Francesco che per\u00f2 poi ha dovuto dare forfait per dei problemi fisici ad un ginocchio. <br \/>Ad attendere il presidente Mattarella all&#8217;esterno del chiostro di Santa Croce presenti il sindaco di Firenze, Dario Nardella ed il presidente della regione Toscana, Eugenio Giani. <br \/>Il presidente Mattarella al momento del suo arrivo in piazza Santa Croce a Firenze \u00e8 stato lungamente applaudito dai tanti fedeli che assisteranno quest&#8217;oggi alla celebrazione eucaristica proprio dall&#8217;esterno della basilica di Santa Croce, con dei bambini che hanno lungamente intonato un coro a lui dedicato.<br \/>(ITALPRESS).<\/div>\n<div id=\"div-gpt-ad-Messinaoggi.it-DSK-300x250-corpoart\" style=\"text-align:center;margin:0 auto;\"><\/div><\/p><div id=\"videoincontent\" style=\"clear:both\";><\/div>","protected":false},"excerpt":{"rendered":"<p>FIRENZE (ITALPRESS) &#8211; Il presidente della Repubblica, Sergio Mattarella, ha fatto il suo ingresso all&#8217;interno della basilica di Santa Croce a Firenze dove assister\u00e0 alla messa che sar\u00e0 celebrata dal presidente della Cei, cardinale Gualtiero Bassetti. La funzione religiosa odierna chiude l&#8217;assemblea dei vescovi e dei sindaci del Mediterraneo che si \u00e8 svolta da mercoled\u00ec [&hellip;]<\/p>\n","protected":false},"author":18,"featured_media":98799,"comment_status":"closed","ping_status":"closed","sticky":false,"template":"","format":"standard","meta":{"ub_ctt_via":"","_mi_skip_tracking":false},"categories":[446],"tags":[783],"featured_image_src":"https:\/\/www.messinaoggi.it\/website\/wp-content\/uploads\/2022\/02\/20220227_0191.jpg","author_info":{"display_name":"Admin","author_link":"https:\/\/www.messinaoggi.it\/website\/author\/admin\/"},"digistream_id":0,"digistream":false,"_links":{"self":[{"href":"https:\/\/www.messinaoggi.it\/website\/wp-json\/wp\/v2\/posts\/98798"}],"collection":[{"href":"https:\/\/www.messinaoggi.it\/website\/wp-json\/wp\/v2\/posts"}],"about":[{"href":"https:\/\/www.messinaoggi.it\/website\/wp-json\/wp\/v2\/types\/post"}],"author":[{"embeddable":true,"href":"https:\/\/www.messinaoggi.it\/website\/wp-json\/wp\/v2\/users\/18"}],"replies":[{"embeddable":true,"href":"https:\/\/www.messinaoggi.it\/website\/wp-json\/wp\/v2\/comments?post=98798"}],"version-history":[{"count":0,"href":"https:\/\/www.messinaoggi.it\/website\/wp-json\/wp\/v2\/posts\/98798\/revisions"}],"wp:featuredmedia":[{"embeddable":true,"href":"https:\/\/www.messinaoggi.it\/website\/wp-json\/wp\/v2\/media\/98799"}],"wp:attachment":[{"href":"https:\/\/www.messinaoggi.it\/website\/wp-json\/wp\/v2\/media?parent=98798"}],"wp:term":[{"taxonomy":"category","embeddable":true,"href":"https:\/\/www.messinaoggi.it\/website\/wp-json\/wp\/v2\/categories?post=98798"},{"taxonomy":"post_tag","embeddable":true,"href":"https:\/\/www.messinaoggi.it\/website\/wp-json\/wp\/v2\/tags?post=98798"}],"curies":[{"name":"wp","href":"https:\/\/api.w.org\/{rel}","templated":true}]}}