{"id":98792,"date":"2022-02-27T10:17:37","date_gmt":"2022-02-27T09:17:37","guid":{"rendered":"https:\/\/www.messinaoggi.it\/website\/2022\/02\/27\/musumeci-ci-provano-col-fango-ma-con-me-non-ci-riescono\/"},"modified":"2022-02-27T18:20:08","modified_gmt":"2022-02-27T17:20:08","slug":"musumeci-ci-provano-col-fango-ma-con-me-non-ci-riescono","status":"publish","type":"post","link":"https:\/\/www.messinaoggi.it\/website\/2022\/02\/27\/musumeci-ci-provano-col-fango-ma-con-me-non-ci-riescono\/","title":{"rendered":"Musumeci: \u201cCi provano col fango ma con me non ci riescono\u201d"},"content":{"rendered":"<div>\n<p>PALERMO (ITALPRESS) \u2013 \u201cPoveretti, perdono solo tempo con me. Ci provano col fango ma non ci riescono mai. L\u2019accusa di raccomandazioni e di favoritismi, se rivolta a me, sarebbe puramente risibile\u201d. Cos\u00ec, in un\u2019intervista all\u2019edizione locale di Repubblica, il presidente della Regione siciliana, Nello Musumeci, in merito all\u2019inchiesta giudiziaria che ha riguardato l\u2019Ast \u2013 Azienda siciliana trasporti, partecipata al 100%. <br \/>\u201cLa Regione, con l\u2019assessore al ramo Armao, \u00e8 intervenuta pi\u00f9 volte sul presidente dell\u2019Ast, evidenziando le anomalie. Li abbiamo persino convocati. E\u2019 stata la sola volta che ho incontrato il direttore dell\u2019Ast Fiduccia. Qui a Palazzo, insieme col presidente Tafuri\u201d, ricorda Musumeci, sottolineando che \u201cquanto al direttore, ho presentato l\u2019altro giorno denuncia alla Procura\u201d. \u201cAl presidente \u2013 spiega il governatore \u2013 ho detto che sbagliava a tenere il direttore al suo posto. Non avevamo prove concrete al di l\u00e0 delle diffuse voci sulla spregiudicatezza del direttore. Dal canto suo, la commissione Territorio dell\u2019Assemblea aveva prodotto tempo fa al presidente dell\u2019Antimafia regionale svariati documenti di denuncia sulle assunzioni clientelari. L\u2019Antimafia mi sembra che stia aprendo solo nelle ultime ore un\u2019indagine. Non aggiungo altro\u201d.<br \/>In merito alla sua dirittura morale \u201cda eurodeputato prima e da presidente della Regione adesso \u2013 aggiunge \u2013 non ho mai portato a casa una penna dall\u2019ufficio. Un parlamentare che ha tenuto aperta una segreteria politica per spedire da l\u00ec i fax e non utilizzare neanche una stampante nelle sedi istituzionali. Si pu\u00f2 essere o meno d\u2019accordo con me, col mio operato. Ma una cosa credo sia universalmente riconosciuta: sono e resto una persona perbene, pronta a pagare un costo per difendere la linea del rigore\u201d.<br \/>Su quanto \u00e8 radicato ancora il malaffare tra le pieghe della Regione, dice Musumeci, \u201ctemo parecchio, anche fuori dall\u2019amministrazione regionale. C\u2019\u00e8 ancora tanto da lavorare sotto questo aspetto. Io ho combattuto una mia battaglia in questi cinque anni. Avr\u00f2 compiuto forse degli errori, anche uno al giorno, nella gestione quotidiana dell\u2019ammininistrazione.<br \/>Ma non ho nulla da rimproverarmi da quel punto di vista. Con la squadra di governo abbiamo messo alla porta mafiosi, affaristi, lobbisti improvvisati. Il fatto \u00e8 che finch\u00e8 certa politica si illude ancora di trovare il facile consenso attraverso il sistema clientelare o con la distribuzione dei posti di sottogoverno, anzich\u00e8 ricercare il voto di opinione attraverso il buon governo, temo che non andremo molto lontano\u201d. \u201cTemo \u2013 prosegue \u2013 che sia una convinzione ancora presente in tutti gli schieramenti politici. Il \u2018cerchio magic\u00f2 del governo che mi ha preceduto insegna. E\u2019 una consuetudine della vecchia politica, dura a morire. Ci vorr\u00e0 del tempo\u201d.<br \/>\u201cLa mia intransigenza \u2013 evidenzia Musumeci \u2013 dovrebbe essere una garanzia per tutti. Per qualcuno potrebbe essere invece un limite. Punti di vista diversi, per carit\u00e0. Dopotutto, essere intransigenti su alcuni metodi \u00e8 pi\u00f9 che necessario in una terra difficile come la nostra. Io mi sono imposto di non insistere sul tema della ricandidatura. Lascio che i partiti facciano le loro valutazioni. Vado avanti per la mia strada, continuo con gli assessori a concentrare le energie sul tanto che c\u2019\u00e8 da fare ogni giorno, sul buon governo, appunto. Girando tra la gente, aprendo cantieri fermi da anni, ci occupiamo dei fatti, insomma\u201d. \u201cLa coalizione \u2013 aggiunge \u2013 non si \u00e8 ancora espressa. Ci faccia caso: non c\u2019\u00e8 un solo precedente in Italia di un governatore uscente che non sia stato ricandidato. Certo, alcuni atteggiamenti mi hanno amareggiato, lo ammetto. Ma sono anche sicuro di un fatto: se il centrodestra vorr\u00e0 vincere dovr\u00e0 restare unito\u201d. \u201cVoglio solo sperare \u2013 prosegue Musumeci \u2013 che ognuno di noi abbia imparato la lezione del 2012, quando la coalizione ha perso e fatto vincere Crocetta perch\u00e8 si \u00e8 presentata divisa. Spero ancora che non si ripeta l\u2019errore\u201d. \u201cNulla \u00e8 scontato in politica \u2013 sottolinea Musumeci -. Ringrazio tanto Giorgia Meloni per la fiducia espressa nei miei confronti e continuo ad avere buoni rapporti con tutti i leader del centrodestra, da Berlusconi a Salvini, da Cesa a Toti. Le ripeto: non voglio occuparmi di candidature. E\u2019 compito dei partiti farlo. Io continuo a lavorare ogni giorno per la mia terra\u201d. Ed in merito al centrosinistra siciliano, commenta: \u201cNon mi permetto di entrare nel campo avversario. So solo cosa aveva lasciato il centrosinistra alla Regione prima che arrivassimo noi. Questo mi d\u00e0 la certezza che non passer\u00f2 alle cronache di Palazzo d\u2019Orleans come il peggiore tra i presidenti della nostra Regione\u201d.<br \/>(ITALPRESS).<div id=\"div-gpt-ad-Messinaoggi.it-DSK-300x250-corpoart\" style=\"text-align:center;margin:0 auto;\"><\/div><\/p>\n<\/div>\n<div id=\"videoincontent\" style=\"clear:both\";><\/div>","protected":false},"excerpt":{"rendered":"<p>PALERMO (ITALPRESS) \u2013 \u201cPoveretti, perdono solo tempo con me. Ci provano col fango ma non ci riescono mai. L\u2019accusa di raccomandazioni e di favoritismi, se rivolta a me, sarebbe puramente risibile\u201d. Cos\u00ec, in un\u2019intervista all\u2019edizione locale di Repubblica, il presidente della Regione siciliana, Nello Musumeci, in merito all\u2019inchiesta giudiziaria che ha riguardato l\u2019Ast \u2013 Azienda [&hellip;]<\/p>\n","protected":false},"author":18,"featured_media":98793,"comment_status":"closed","ping_status":"closed","sticky":false,"template":"","format":"standard","meta":{"ub_ctt_via":"","_mi_skip_tracking":false},"categories":[11,2449],"tags":[783],"featured_image_src":"https:\/\/www.messinaoggi.it\/website\/wp-content\/uploads\/2022\/02\/20220227_0128.jpg","author_info":{"display_name":"Admin","author_link":"https:\/\/www.messinaoggi.it\/website\/author\/admin\/"},"digistream_id":0,"digistream":false,"_links":{"self":[{"href":"https:\/\/www.messinaoggi.it\/website\/wp-json\/wp\/v2\/posts\/98792"}],"collection":[{"href":"https:\/\/www.messinaoggi.it\/website\/wp-json\/wp\/v2\/posts"}],"about":[{"href":"https:\/\/www.messinaoggi.it\/website\/wp-json\/wp\/v2\/types\/post"}],"author":[{"embeddable":true,"href":"https:\/\/www.messinaoggi.it\/website\/wp-json\/wp\/v2\/users\/18"}],"replies":[{"embeddable":true,"href":"https:\/\/www.messinaoggi.it\/website\/wp-json\/wp\/v2\/comments?post=98792"}],"version-history":[{"count":1,"href":"https:\/\/www.messinaoggi.it\/website\/wp-json\/wp\/v2\/posts\/98792\/revisions"}],"predecessor-version":[{"id":98821,"href":"https:\/\/www.messinaoggi.it\/website\/wp-json\/wp\/v2\/posts\/98792\/revisions\/98821"}],"wp:featuredmedia":[{"embeddable":true,"href":"https:\/\/www.messinaoggi.it\/website\/wp-json\/wp\/v2\/media\/98793"}],"wp:attachment":[{"href":"https:\/\/www.messinaoggi.it\/website\/wp-json\/wp\/v2\/media?parent=98792"}],"wp:term":[{"taxonomy":"category","embeddable":true,"href":"https:\/\/www.messinaoggi.it\/website\/wp-json\/wp\/v2\/categories?post=98792"},{"taxonomy":"post_tag","embeddable":true,"href":"https:\/\/www.messinaoggi.it\/website\/wp-json\/wp\/v2\/tags?post=98792"}],"curies":[{"name":"wp","href":"https:\/\/api.w.org\/{rel}","templated":true}]}}