{"id":98780,"date":"2022-02-26T21:07:37","date_gmt":"2022-02-26T20:07:37","guid":{"rendered":"https:\/\/www.messinaoggi.it\/website\/2022\/02\/26\/meloni-fratelli-ditalia-principale-partito-di-centrodestra\/"},"modified":"2022-02-26T21:07:37","modified_gmt":"2022-02-26T20:07:37","slug":"meloni-fratelli-ditalia-principale-partito-di-centrodestra","status":"publish","type":"post","link":"https:\/\/www.messinaoggi.it\/website\/2022\/02\/26\/meloni-fratelli-ditalia-principale-partito-di-centrodestra\/","title":{"rendered":"Meloni \u201cFratelli d\u2019Italia principale partito di centrodestra\u201d"},"content":{"rendered":"<div>ROMA (ITALPRESS) &#8211; &#8220;Cari amici, questa \u00e8 la seconda volta che salgo su questo palco. La prima volta come leader di un piccolo, ma orgoglioso partito conservatore italiano, oggi invece da presidente del Partito dei Conservatori Europei, un partito che riunisce 44 partiti patriottici e conservatori d&#8217;Europa e del resto del mondo, compreso il partito Repubblicano americano. Oggi mi rivolgo a voi come leader di Fratelli d&#8217;Italia che da allora \u00e8 cresciuto fino a diventare il principale partito di centrodestra italiano e secondo molti recenti sondaggi, il pi\u00f9 grande del Paese&#8221;. Cos\u00ec Giorgia Meloni, presidentessa di Fratelli d&#8217;Italia, al &#8220;CPAC 2022&#8221;, in corso di svolgimento a Orlando in Florida. &#8220;Voi in America e noi in Europa, e con noi gli amici degli altri continenti, siamo orgogliosi delle nostre identit\u00e0 e delle nostre specificit\u00e0. Il nostro avversario, agisce su scala globale, con ideologia, per annientare quelle specificit\u00e0. La buona notizia \u00e8 che, come noi in Italia, come voi qui negli Usa, sempre pi\u00f9 persone non vogliono pi\u00f9 accettare tutto questo. Un numero sempre maggiore di nostri concittadini sceglie ogni giorno di non arrendersi, di ribellarsi al loro modello cinese, alle loro fake news media, alla loro dittatura politicamente corretta&#8221;.<br \/>(ITALPRESS).<\/div>\n<div id=\"div-gpt-ad-Messinaoggi.it-DSK-300x250-corpoart\" style=\"text-align:center;margin:0 auto;\"><\/div><\/p><div id=\"videoincontent\" style=\"clear:both\";><\/div>","protected":false},"excerpt":{"rendered":"<p>ROMA (ITALPRESS) &#8211; &#8220;Cari amici, questa \u00e8 la seconda volta che salgo su questo palco. La prima volta come leader di un piccolo, ma orgoglioso partito conservatore italiano, oggi invece da presidente del Partito dei Conservatori Europei, un partito che riunisce 44 partiti patriottici e conservatori d&#8217;Europa e del resto del mondo, compreso il partito [&hellip;]<\/p>\n","protected":false},"author":18,"featured_media":98781,"comment_status":"closed","ping_status":"closed","sticky":false,"template":"","format":"standard","meta":{"ub_ctt_via":"","_mi_skip_tracking":false},"categories":[446],"tags":[783],"featured_image_src":"https:\/\/www.messinaoggi.it\/website\/wp-content\/uploads\/2022\/02\/20220226_1924.jpg","author_info":{"display_name":"Admin","author_link":"https:\/\/www.messinaoggi.it\/website\/author\/admin\/"},"digistream_id":0,"digistream":false,"_links":{"self":[{"href":"https:\/\/www.messinaoggi.it\/website\/wp-json\/wp\/v2\/posts\/98780"}],"collection":[{"href":"https:\/\/www.messinaoggi.it\/website\/wp-json\/wp\/v2\/posts"}],"about":[{"href":"https:\/\/www.messinaoggi.it\/website\/wp-json\/wp\/v2\/types\/post"}],"author":[{"embeddable":true,"href":"https:\/\/www.messinaoggi.it\/website\/wp-json\/wp\/v2\/users\/18"}],"replies":[{"embeddable":true,"href":"https:\/\/www.messinaoggi.it\/website\/wp-json\/wp\/v2\/comments?post=98780"}],"version-history":[{"count":0,"href":"https:\/\/www.messinaoggi.it\/website\/wp-json\/wp\/v2\/posts\/98780\/revisions"}],"wp:featuredmedia":[{"embeddable":true,"href":"https:\/\/www.messinaoggi.it\/website\/wp-json\/wp\/v2\/media\/98781"}],"wp:attachment":[{"href":"https:\/\/www.messinaoggi.it\/website\/wp-json\/wp\/v2\/media?parent=98780"}],"wp:term":[{"taxonomy":"category","embeddable":true,"href":"https:\/\/www.messinaoggi.it\/website\/wp-json\/wp\/v2\/categories?post=98780"},{"taxonomy":"post_tag","embeddable":true,"href":"https:\/\/www.messinaoggi.it\/website\/wp-json\/wp\/v2\/tags?post=98780"}],"curies":[{"name":"wp","href":"https:\/\/api.w.org\/{rel}","templated":true}]}}