{"id":9867,"date":"2017-10-18T11:55:57","date_gmt":"2017-10-18T09:55:57","guid":{"rendered":"http:\/\/www.messinaoggi.it\/website\/?p=9867"},"modified":"2017-10-18T11:55:57","modified_gmt":"2017-10-18T09:55:57","slug":"servizi-sociali-nel-caos-denunzia-della-uil-fpl","status":"publish","type":"post","link":"https:\/\/www.messinaoggi.it\/website\/2017\/10\/18\/servizi-sociali-nel-caos-denunzia-della-uil-fpl\/","title":{"rendered":"Servizi sociali nel caos, denuncia della Uil-Fpl"},"content":{"rendered":"<p class=\"p1\"><span class=\"s1\">\u201cLa scrivente organizzazione sindacale \u00e8 costretta a denunciare ancora una volta i ritardi inaccettabili con cui vengono liquidate le retribuzioni agli operatori del Servizio 328 educativa domiciliare per minori<b>.<\/b> Ben \u00a012 mesi di ritardo dall\u2019ultimo stipendio pagato a maggio 2017 e relativo alla mensilit\u00e0 di ottobre 2016. Ci risulta che i ritardi siano frutto di una tardiva e\/o errata rendicontazione e che in altri distretti non si verifichino ritardi cos\u00ec lunghi. A pagare le spese di tali inefficienze sono come sempre utenti e operatori\u201d. E\u2019 quanto si legge in un documento inviato al sindaco Renato Accorinti e all\u2019assessore ai Servizi sociali, Nina Santisi, firmato da Pippo Calapai, Laura Strano e Nino Neri, rispettivamente segretario generale, Segretario provinciale Terzo settore, coordinatore provinciale della Uil-Fpl Messina.<\/span><div id=\"div-gpt-ad-Messinaoggi.it-DSK-300x250-corpoart\" style=\"text-align:center;margin:0 auto;\"><\/div><\/p>\n<p class=\"p1\"><span class=\"s1\">\u201cCi\u00f2 premesso, ci risulta che da qualche giorno sia stato emesso il mandato regionale di pagamento. Pertanto, al fine di evitare che per estenuanti passaggi burocratici da un ufficio all\u2019altro gli operatori gi\u00e0 senza stipendio da oltre un anno debbano subire ulteriori lentezze burocratiche, si sollecita la doverosa vigilanza al fine di espletare velocemente le procedure di accredito delle somme alla cooperativa che gestisce il servizio, per il pagamento immediato di tutte le retribuzioni arretrate ai lavoratori.<\/span><div id=\"videoincontent\" style=\"clear:both\";><\/div><\/p>\n<p class=\"p1\"><span class=\"s1\">Ritardi incomprensibili si sono verificati anche nei tempi di trasmissione degli elenchi di nuovi utenti del servizio dal Dipartimento alla cooperativa che gestisce il Servizio di trasporto disabili ai centri di riabilitazione<b>.<\/b> Prevedere nel capitolato un aumento degli utenti beneficiari del servizio e attendere 3 mesi per comunicarli all\u2019ente affidatario o aver previsto pi\u00f9 mezzi di trasporto che forse non servivano,dato che ancora non vengono utilizzati senza che ci\u00f2 vada a discapito del servizio, \u00e8 incomprensibile. Altrettanto incomprensibile avere inserito nel capitolato trasporto disabili ben 8 operatori in pi\u00f9, in atto retribuiti ma a disposizione, sottraendoli dal\u00a0 servizio di assistenza domiciliare anziani da cui provengono, servizio che a sua volta, paradossalmente deve ricorrere adesso alle \u00a0sostituzioni attingendo dagli operatori in esubero nel servizio \u00a0trasporto disabili. Alchimie o pasticci?\u201d.<\/span><\/p>\n<p class=\"p1\"><span class=\"s1\">La nota si conclude con una richiesta specifica: \u201cChiediamo il doveroso e costante controllo sulla corretta esecuzione dei capitolati d\u2019appalto da parte dei responsabili di procedimento, rammentando che \u00e8 stato assunto un Dirigente per riorganizzare il Dipartimento dei servizi sociali, riorganizzazione che purtroppo, nonostante l\u2019intento, appare poco efficace perch\u00e8 ad oggi non risulta percepita n\u00e9 dai dipendenti, n\u00e9 dall\u2019 utenza, n\u00e9 dagli operatori.<\/span><\/p>\n","protected":false},"excerpt":{"rendered":"<p>\u201cLa scrivente organizzazione sindacale \u00e8 costretta a denunciare ancora una volta i ritardi inaccettabili con cui vengono liquidate le retribuzioni agli operatori del Servizio 328 educativa domiciliare per minori. Ben \u00a012 mesi di ritardo dall\u2019ultimo stipendio pagato a maggio 2017 e relativo alla mensilit\u00e0 di ottobre 2016. Ci risulta che i ritardi siano frutto di [&hellip;]<\/p>\n","protected":false},"author":2,"featured_media":864,"comment_status":"closed","ping_status":"open","sticky":false,"template":"","format":"standard","meta":{"ub_ctt_via":"","_mi_skip_tracking":false},"categories":[5],"tags":[],"featured_image_src":"https:\/\/www.messinaoggi.it\/website\/wp-content\/uploads\/2017\/05\/Uil-Tripodi-Calapai-Strano-Neri-2.jpg","author_info":{"display_name":"Redazione","author_link":"https:\/\/www.messinaoggi.it\/website\/author\/redazione\/"},"digistream_id":0,"digistream":false,"_links":{"self":[{"href":"https:\/\/www.messinaoggi.it\/website\/wp-json\/wp\/v2\/posts\/9867"}],"collection":[{"href":"https:\/\/www.messinaoggi.it\/website\/wp-json\/wp\/v2\/posts"}],"about":[{"href":"https:\/\/www.messinaoggi.it\/website\/wp-json\/wp\/v2\/types\/post"}],"author":[{"embeddable":true,"href":"https:\/\/www.messinaoggi.it\/website\/wp-json\/wp\/v2\/users\/2"}],"replies":[{"embeddable":true,"href":"https:\/\/www.messinaoggi.it\/website\/wp-json\/wp\/v2\/comments?post=9867"}],"version-history":[{"count":0,"href":"https:\/\/www.messinaoggi.it\/website\/wp-json\/wp\/v2\/posts\/9867\/revisions"}],"wp:featuredmedia":[{"embeddable":true,"href":"https:\/\/www.messinaoggi.it\/website\/wp-json\/wp\/v2\/media\/864"}],"wp:attachment":[{"href":"https:\/\/www.messinaoggi.it\/website\/wp-json\/wp\/v2\/media?parent=9867"}],"wp:term":[{"taxonomy":"category","embeddable":true,"href":"https:\/\/www.messinaoggi.it\/website\/wp-json\/wp\/v2\/categories?post=9867"},{"taxonomy":"post_tag","embeddable":true,"href":"https:\/\/www.messinaoggi.it\/website\/wp-json\/wp\/v2\/tags?post=9867"}],"curies":[{"name":"wp","href":"https:\/\/api.w.org\/{rel}","templated":true}]}}