{"id":98545,"date":"2022-02-25T12:07:36","date_gmt":"2022-02-25T11:07:36","guid":{"rendered":"https:\/\/www.messinaoggi.it\/website\/2022\/02\/25\/ucraina-draghi-zelensky-e-nascosto-pronti-3-400-militari\/"},"modified":"2022-02-25T12:07:36","modified_gmt":"2022-02-25T11:07:36","slug":"ucraina-draghi-zelensky-e-nascosto-pronti-3-400-militari","status":"publish","type":"post","link":"https:\/\/www.messinaoggi.it\/website\/2022\/02\/25\/ucraina-draghi-zelensky-e-nascosto-pronti-3-400-militari\/","title":{"rendered":"Ucraina, Draghi \u201cZelensky \u00e8 nascosto, pronti 3.400 militari\u201d"},"content":{"rendered":"<div>ROMA (ITALPRESS) &#8211; &#8220;Ieri sera, durante la connessione con il presidente ucraino Zelensky, \u00e8 stato un momento drammatico: \u00e8 nascosto in qualche parte di Kiev, ha detto che non ha pi\u00f9 tempo, che l&#8217;Ucraina non ha pi\u00f9 tempo. E&#8217; stato un momento drammatico che ha colpito tutti i partecipanti al Consiglio Europeo. Questa mattina mi ha cercato per fissare un appuntamento telefonico per le 9.30 ma non \u00e8 stato possibile fare la telefonata, il presidente  non era pi\u00f9 disponibile&#8221;. Lo ha detto il presidente del Consiglio, Mario Draghi, nel corso dell&#8217;informativa sulla crisi in Ucraina, alla Camera. Il premier ha annunciato che &#8220;siamo pronti a contribuire con circa 1.400 uomini e donne dell&#8217;esercito, della Marina e dell&#8217;Aeronautica, e con ulteriori 2.000 militari disponibili. Le forze saranno impiegate nell&#8217;area di responsabilit\u00e0 della Nato e non c&#8217;\u00e8 nessuna autorizzazione implicita dell&#8217;attraversamento dei confini&#8221;. Draghi ha ribadito che &#8220;l&#8217;Italia condanna con assoluta fermezza l&#8217;invasione, che giudichiamo inaccettabile. L&#8217;attacco \u00e8 una gravissima violazione della sovranit\u00e0 di uno stato libero e democratico, dei trattati internazionali, e dei pi\u00f9 fondamentali valori europei&#8221;.<br \/>Inoltre &#8220;il governo \u00e8 comunque al lavoro per approntare<br \/>tutte le misure necessarie per gestire al meglio una possibile<br \/>crisi energetica. Ci auguriamo che questi piani non siano<br \/>necessari, ma non possiamo farci trovare impreparati&#8221;.<br \/>(ITALPRESS).<\/div>\n<div id=\"div-gpt-ad-Messinaoggi.it-DSK-300x250-corpoart\" style=\"text-align:center;margin:0 auto;\"><\/div><\/p><div id=\"videoincontent\" style=\"clear:both\";><\/div>","protected":false},"excerpt":{"rendered":"<p>ROMA (ITALPRESS) &#8211; &#8220;Ieri sera, durante la connessione con il presidente ucraino Zelensky, \u00e8 stato un momento drammatico: \u00e8 nascosto in qualche parte di Kiev, ha detto che non ha pi\u00f9 tempo, che l&#8217;Ucraina non ha pi\u00f9 tempo. E&#8217; stato un momento drammatico che ha colpito tutti i partecipanti al Consiglio Europeo. Questa mattina mi [&hellip;]<\/p>\n","protected":false},"author":18,"featured_media":98546,"comment_status":"closed","ping_status":"closed","sticky":false,"template":"","format":"standard","meta":{"ub_ctt_via":"","_mi_skip_tracking":false},"categories":[446],"tags":[783],"featured_image_src":"https:\/\/www.messinaoggi.it\/website\/wp-content\/uploads\/2022\/02\/20220225_0428.jpg","author_info":{"display_name":"Admin","author_link":"https:\/\/www.messinaoggi.it\/website\/author\/admin\/"},"digistream_id":0,"digistream":false,"_links":{"self":[{"href":"https:\/\/www.messinaoggi.it\/website\/wp-json\/wp\/v2\/posts\/98545"}],"collection":[{"href":"https:\/\/www.messinaoggi.it\/website\/wp-json\/wp\/v2\/posts"}],"about":[{"href":"https:\/\/www.messinaoggi.it\/website\/wp-json\/wp\/v2\/types\/post"}],"author":[{"embeddable":true,"href":"https:\/\/www.messinaoggi.it\/website\/wp-json\/wp\/v2\/users\/18"}],"replies":[{"embeddable":true,"href":"https:\/\/www.messinaoggi.it\/website\/wp-json\/wp\/v2\/comments?post=98545"}],"version-history":[{"count":0,"href":"https:\/\/www.messinaoggi.it\/website\/wp-json\/wp\/v2\/posts\/98545\/revisions"}],"wp:featuredmedia":[{"embeddable":true,"href":"https:\/\/www.messinaoggi.it\/website\/wp-json\/wp\/v2\/media\/98546"}],"wp:attachment":[{"href":"https:\/\/www.messinaoggi.it\/website\/wp-json\/wp\/v2\/media?parent=98545"}],"wp:term":[{"taxonomy":"category","embeddable":true,"href":"https:\/\/www.messinaoggi.it\/website\/wp-json\/wp\/v2\/categories?post=98545"},{"taxonomy":"post_tag","embeddable":true,"href":"https:\/\/www.messinaoggi.it\/website\/wp-json\/wp\/v2\/tags?post=98545"}],"curies":[{"name":"wp","href":"https:\/\/api.w.org\/{rel}","templated":true}]}}