{"id":98535,"date":"2022-02-25T10:07:34","date_gmt":"2022-02-25T09:07:34","guid":{"rendered":"https:\/\/www.messinaoggi.it\/website\/2022\/02\/25\/ucraina-salvini-la-priorita-e-fermare-le-bombe\/"},"modified":"2022-02-25T10:32:34","modified_gmt":"2022-02-25T09:32:34","slug":"ucraina-salvini-la-priorita-e-fermare-le-bombe","status":"publish","type":"post","link":"https:\/\/www.messinaoggi.it\/website\/2022\/02\/25\/ucraina-salvini-la-priorita-e-fermare-le-bombe\/","title":{"rendered":"Ucraina, Salvini \u201cLa priorit\u00e0 \u00e8 fermare le bombe\u201d"},"content":{"rendered":"<div>ROMA (ITALPRESS) &#8211; &#8220;Io sono deluso dall&#8217;essere umano che nel 2022 cerca di risolvere con la guerra problemi economici e politici.<br \/>Quando qualcuno attacca \u00e8 chiaro che bisogna schierarsi con chi \u00e8 attaccato. La priorit\u00e0 in questo momento \u00e8 fermare le bombe e i missili&#8221;. Lo ha detto il segretario della Lega, Matteo Salvini, a Radio anch&#8217;io su Rai Radio 1. Andrebbe riconosciuto un governo imposta dalla Russia? &#8220;No, perch\u00e8 i governi imposti con le bombe non vanno riconosciuti, per\u00f2 l&#8217;Occidente deve ritrovare la sua anima perch\u00e8 l&#8217;atteggiamento di continua fuga non paga&#8221; ha risposto il leader del Carroccio che poi ha aggiunto: &#8220;Sto lavorando da ieri per la costruzione di corridoi umanitari, il ruolo del Vaticano sar\u00e0 centrale. Sto coltivando il dialogo a 360 gradi perch\u00e8 non si pu\u00f2 escludere nessuno. Io conto di incontrare l&#8217;ambasciatore ucraino per mettere a disposizione tutto ci\u00f2 di cui ha bisogno. Oggi chiunque ha un ruolo politico deve lavorare con ambasciatori e associazioni umanitarie per fermare o limitare il conflitto&#8221;. Infine sulle possibili ripercussioni, ha concluso: &#8220;Come Italia siamo quelli che hanno pi\u00f9 da perdere da questo conflitto perch\u00e8 l&#8217;autosufficienza energetica Francia e Germania in qualche modo ce l&#8217;hanno. Adesso qualcuno che \u00e8 professionista del &#8216;n\u00f2 a prescindere  si rende conto che se Mosca chiude i rubinetti noi alle sei di sera spegniamo le luci in citt\u00e0&#8221;.<br \/>(ITALPRESS).<\/div>\n<div id=\"div-gpt-ad-Messinaoggi.it-DSK-300x250-corpoart\" style=\"text-align:center;margin:0 auto;\"><\/div><\/p><div id=\"videoincontent\" style=\"clear:both\";><\/div>","protected":false},"excerpt":{"rendered":"<p>ROMA (ITALPRESS) &#8211; &#8220;Io sono deluso dall&#8217;essere umano che nel 2022 cerca di risolvere con la guerra problemi economici e politici.Quando qualcuno attacca \u00e8 chiaro che bisogna schierarsi con chi \u00e8 attaccato. La priorit\u00e0 in questo momento \u00e8 fermare le bombe e i missili&#8221;. Lo ha detto il segretario della Lega, Matteo Salvini, a Radio [&hellip;]<\/p>\n","protected":false},"author":18,"featured_media":98536,"comment_status":"closed","ping_status":"closed","sticky":false,"template":"","format":"standard","meta":{"ub_ctt_via":"","_mi_skip_tracking":false},"categories":[446,4],"tags":[783],"featured_image_src":"https:\/\/www.messinaoggi.it\/website\/wp-content\/uploads\/2022\/02\/20220225_0126.jpg","author_info":{"display_name":"Admin","author_link":"https:\/\/www.messinaoggi.it\/website\/author\/admin\/"},"digistream_id":0,"digistream":false,"_links":{"self":[{"href":"https:\/\/www.messinaoggi.it\/website\/wp-json\/wp\/v2\/posts\/98535"}],"collection":[{"href":"https:\/\/www.messinaoggi.it\/website\/wp-json\/wp\/v2\/posts"}],"about":[{"href":"https:\/\/www.messinaoggi.it\/website\/wp-json\/wp\/v2\/types\/post"}],"author":[{"embeddable":true,"href":"https:\/\/www.messinaoggi.it\/website\/wp-json\/wp\/v2\/users\/18"}],"replies":[{"embeddable":true,"href":"https:\/\/www.messinaoggi.it\/website\/wp-json\/wp\/v2\/comments?post=98535"}],"version-history":[{"count":1,"href":"https:\/\/www.messinaoggi.it\/website\/wp-json\/wp\/v2\/posts\/98535\/revisions"}],"predecessor-version":[{"id":98537,"href":"https:\/\/www.messinaoggi.it\/website\/wp-json\/wp\/v2\/posts\/98535\/revisions\/98537"}],"wp:featuredmedia":[{"embeddable":true,"href":"https:\/\/www.messinaoggi.it\/website\/wp-json\/wp\/v2\/media\/98536"}],"wp:attachment":[{"href":"https:\/\/www.messinaoggi.it\/website\/wp-json\/wp\/v2\/media?parent=98535"}],"wp:term":[{"taxonomy":"category","embeddable":true,"href":"https:\/\/www.messinaoggi.it\/website\/wp-json\/wp\/v2\/categories?post=98535"},{"taxonomy":"post_tag","embeddable":true,"href":"https:\/\/www.messinaoggi.it\/website\/wp-json\/wp\/v2\/tags?post=98535"}],"curies":[{"name":"wp","href":"https:\/\/api.w.org\/{rel}","templated":true}]}}