{"id":98491,"date":"2022-02-24T21:07:38","date_gmt":"2022-02-24T20:07:38","guid":{"rendered":"http:\/\/www.messinaoggi.it\/website\/?p=98491"},"modified":"2022-02-24T21:07:39","modified_gmt":"2022-02-24T20:07:39","slug":"laquila-bafia-chiama-e-cannuni-risponde-presente","status":"publish","type":"post","link":"https:\/\/www.messinaoggi.it\/website\/2022\/02\/24\/laquila-bafia-chiama-e-cannuni-risponde-presente\/","title":{"rendered":"L&#8217;Aquila Baf\u00eca chiama e Cannuni risponde &#8220;presente&#8221;"},"content":{"rendered":"\n<p>A fine agosto, in occasione della cena d&#8217;inizio stagione aveva annunciato il ritiro dal calcio giocato promettendo di disputare la partita di congedo dal calcio con l&#8217;<strong>Aquila Baf\u00eca <\/strong>soltanto dopo il matematico conseguimento del salto in Promozione. Un obiettivo che si sta rivelando meno facile del previsto, al punto da indurre il presidente <strong>Carmelo Rao<\/strong> a chiedere a <strong>Paolo Cannuni<\/strong> di rimettere gli scarpini in anticipo. <div id=\"div-gpt-ad-Messinaoggi.it-DSK-300x250-corpoart\" style=\"text-align:center;margin:0 auto;\"><\/div><\/p>\n\n\n\n<p>Un invito subito raccolto dal 42enne bomber originario di Barcellona che nel pomeriggio di oggi ha firmato il tesseramento: &#8220;<em>Non potevo restare indifferente alla chiamata dell&#8217;Aquila<\/em> &#8211; spiega &#8211; <em>bisognosa della mia esperienza. C&#8217;\u00e8 necessit\u00e0 del contributo di tutti e anch&#8217;io non intendo tirarmi indietro, anche per una questione di riconoscenza soprattutto verso il presidente Rao e il mister La Rocca&#8221;. <\/em><div id=\"videoincontent\" style=\"clear:both\";><\/div><\/p>\n\n\n\n<p>Cannuni sar\u00e0 a disposizione della squadra gi\u00e0 dal prossimo week-end, in occasione della sfida casalinga con la Juvenilia, ma essendo a corto di allenamenti non \u00e8 in condizione di affrontare tutti i 90&#8242;. Pertanto, partir\u00e0 dalla panchina pronto a subentrare in caso di necessit\u00e0. A fine stagione, per\u00f2, comunque vadano le cose, Paolo assicura che non torner\u00e0 indietro nel proposito di congedarsi dal calcio.<\/p>\n","protected":false},"excerpt":{"rendered":"<p>A fine agosto, in occasione della cena d&#8217;inizio stagione aveva annunciato il ritiro dal calcio giocato promettendo di disputare la partita di congedo dal calcio con l&#8217;Aquila Baf\u00eca soltanto dopo il matematico conseguimento del salto in Promozione. Un obiettivo che si sta rivelando meno facile del previsto, al punto da indurre il presidente Carmelo Rao [&hellip;]<\/p>\n","protected":false},"author":11,"featured_media":36098,"comment_status":"open","ping_status":"open","sticky":false,"template":"","format":"standard","meta":{"ub_ctt_via":"","_mi_skip_tracking":false},"categories":[10,9,14],"tags":[],"featured_image_src":"https:\/\/www.messinaoggi.it\/website\/wp-content\/uploads\/2019\/08\/Cannuni-Aquila-Bafia-2019-20.jpg","author_info":{"display_name":"redsport","author_link":"https:\/\/www.messinaoggi.it\/website\/author\/redsport\/"},"digistream_id":0,"digistream":false,"_links":{"self":[{"href":"https:\/\/www.messinaoggi.it\/website\/wp-json\/wp\/v2\/posts\/98491"}],"collection":[{"href":"https:\/\/www.messinaoggi.it\/website\/wp-json\/wp\/v2\/posts"}],"about":[{"href":"https:\/\/www.messinaoggi.it\/website\/wp-json\/wp\/v2\/types\/post"}],"author":[{"embeddable":true,"href":"https:\/\/www.messinaoggi.it\/website\/wp-json\/wp\/v2\/users\/11"}],"replies":[{"embeddable":true,"href":"https:\/\/www.messinaoggi.it\/website\/wp-json\/wp\/v2\/comments?post=98491"}],"version-history":[{"count":1,"href":"https:\/\/www.messinaoggi.it\/website\/wp-json\/wp\/v2\/posts\/98491\/revisions"}],"predecessor-version":[{"id":98493,"href":"https:\/\/www.messinaoggi.it\/website\/wp-json\/wp\/v2\/posts\/98491\/revisions\/98493"}],"wp:featuredmedia":[{"embeddable":true,"href":"https:\/\/www.messinaoggi.it\/website\/wp-json\/wp\/v2\/media\/36098"}],"wp:attachment":[{"href":"https:\/\/www.messinaoggi.it\/website\/wp-json\/wp\/v2\/media?parent=98491"}],"wp:term":[{"taxonomy":"category","embeddable":true,"href":"https:\/\/www.messinaoggi.it\/website\/wp-json\/wp\/v2\/categories?post=98491"},{"taxonomy":"post_tag","embeddable":true,"href":"https:\/\/www.messinaoggi.it\/website\/wp-json\/wp\/v2\/tags?post=98491"}],"curies":[{"name":"wp","href":"https:\/\/api.w.org\/{rel}","templated":true}]}}