{"id":98432,"date":"2022-02-24T16:07:40","date_gmt":"2022-02-24T15:07:40","guid":{"rendered":"https:\/\/www.messinaoggi.it\/website\/2022\/02\/24\/pioli-il-milan-deve-far-meglio-dellanno-scorso\/"},"modified":"2022-02-24T16:07:40","modified_gmt":"2022-02-24T15:07:40","slug":"pioli-il-milan-deve-far-meglio-dellanno-scorso","status":"publish","type":"post","link":"https:\/\/www.messinaoggi.it\/website\/2022\/02\/24\/pioli-il-milan-deve-far-meglio-dellanno-scorso\/","title":{"rendered":"Pioli \u201cIl Milan deve far meglio dell\u2019anno scorso\u201d"},"content":{"rendered":"<div>MILANO (ITALPRESS) &#8211; &#8220;Scudetto? Il nostro obiettivo \u00e8 migliorare il punteggio della classifica dell&#8217;anno scorso. Se poi saremo bravi a migliorarlo di cos\u00ec tanti punti da vincere il campionato sar\u00e0 qualcosa di eccezionale&#8221;. Vola basso, in conferenza stampa, il tecnico del Milan, Stefano Pioli, alla vigilia del match interno di campionato contro l&#8217;Udinese. &#8220;Loro sono una squadra compatta e solida, non sar\u00e0 facile trovare spazi, quindi dovremo essere bravi nel far girare velocemente e con qualit\u00e0 la palla. Loro ripartono bene, quindi servir\u00e0 una squadra attenta e lucida. Dobbiamo sbagliare il meno possibile&#8221;, ha aggiunto l&#8217;allenatore rossonero. &#8220;Contro la Salernitana abbiamo commesso qualche errore. Li abbiamo analizzati. Siamo stati poco lucidi: si poteva gestire molto meglio la situazione, soprattutto quando eravamo in vantaggio. Mi aspetto domani un&#8217;altra prova, di carattere, da parte della mia squadra&#8221;, ha detto ancora Pioli. <br \/>&#8220;Ibra? Le sue condizioni stanno migliorando. Il suo percorso di<br \/>recupero \u00e8 da valutare giorno per giorno. Rinnova? L&#8217;importante \u00e8<br \/>cosa pensa Zlatan, prima di tutto. Per come lo conosco io, credo<br \/>che voglia continuare. Sugli altri rinnovi non mi esprimo: sono problemi della societ\u00e0. Io non alleno giocatori in scadenza ma ragazzi seri, professionisti e sempre sul pezzo. Vedremo poi cosa succeder\u00e0&#8221;, ha spiegato infine l&#8217;allenatore rossonero.<br \/>(ITALPRESS).<\/div>\n<div id=\"div-gpt-ad-Messinaoggi.it-DSK-300x250-corpoart\" style=\"text-align:center;margin:0 auto;\"><\/div><\/p><div id=\"videoincontent\" style=\"clear:both\";><\/div>","protected":false},"excerpt":{"rendered":"<p>MILANO (ITALPRESS) &#8211; &#8220;Scudetto? Il nostro obiettivo \u00e8 migliorare il punteggio della classifica dell&#8217;anno scorso. Se poi saremo bravi a migliorarlo di cos\u00ec tanti punti da vincere il campionato sar\u00e0 qualcosa di eccezionale&#8221;. Vola basso, in conferenza stampa, il tecnico del Milan, Stefano Pioli, alla vigilia del match interno di campionato contro l&#8217;Udinese. &#8220;Loro sono [&hellip;]<\/p>\n","protected":false},"author":18,"featured_media":98433,"comment_status":"closed","ping_status":"closed","sticky":false,"template":"","format":"standard","meta":{"ub_ctt_via":"","_mi_skip_tracking":false},"categories":[446],"tags":[783],"featured_image_src":"https:\/\/www.messinaoggi.it\/website\/wp-content\/uploads\/2022\/02\/20220224_1030.jpg","author_info":{"display_name":"Admin","author_link":"https:\/\/www.messinaoggi.it\/website\/author\/admin\/"},"digistream_id":0,"digistream":false,"_links":{"self":[{"href":"https:\/\/www.messinaoggi.it\/website\/wp-json\/wp\/v2\/posts\/98432"}],"collection":[{"href":"https:\/\/www.messinaoggi.it\/website\/wp-json\/wp\/v2\/posts"}],"about":[{"href":"https:\/\/www.messinaoggi.it\/website\/wp-json\/wp\/v2\/types\/post"}],"author":[{"embeddable":true,"href":"https:\/\/www.messinaoggi.it\/website\/wp-json\/wp\/v2\/users\/18"}],"replies":[{"embeddable":true,"href":"https:\/\/www.messinaoggi.it\/website\/wp-json\/wp\/v2\/comments?post=98432"}],"version-history":[{"count":0,"href":"https:\/\/www.messinaoggi.it\/website\/wp-json\/wp\/v2\/posts\/98432\/revisions"}],"wp:featuredmedia":[{"embeddable":true,"href":"https:\/\/www.messinaoggi.it\/website\/wp-json\/wp\/v2\/media\/98433"}],"wp:attachment":[{"href":"https:\/\/www.messinaoggi.it\/website\/wp-json\/wp\/v2\/media?parent=98432"}],"wp:term":[{"taxonomy":"category","embeddable":true,"href":"https:\/\/www.messinaoggi.it\/website\/wp-json\/wp\/v2\/categories?post=98432"},{"taxonomy":"post_tag","embeddable":true,"href":"https:\/\/www.messinaoggi.it\/website\/wp-json\/wp\/v2\/tags?post=98432"}],"curies":[{"name":"wp","href":"https:\/\/api.w.org\/{rel}","templated":true}]}}