{"id":98422,"date":"2022-02-24T14:07:37","date_gmt":"2022-02-24T13:07:37","guid":{"rendered":"https:\/\/www.messinaoggi.it\/website\/2022\/02\/24\/ucraina-stoltenberg-difenderemo-la-democrazia\/"},"modified":"2022-02-24T14:07:37","modified_gmt":"2022-02-24T13:07:37","slug":"ucraina-stoltenberg-difenderemo-la-democrazia","status":"publish","type":"post","link":"https:\/\/www.messinaoggi.it\/website\/2022\/02\/24\/ucraina-stoltenberg-difenderemo-la-democrazia\/","title":{"rendered":"Ucraina, Stoltenberg \u201cDifenderemo la democrazia\u201d"},"content":{"rendered":"<div>BRUXELLES (BELGIO) (ITALPRESS) &#8211; &#8220;E&#8217; un attacco di lungo termine. Condanniamo l&#8217;invasione. Chiediamo alla Russia di interrompere le operazioni militari e di uscire dai territori ucraini. Se un Paese della Nato sar\u00e0 attaccato, la Russia sar\u00e0 attaccata. Queste sono le regole dell&#8217;Alleanza Atlantica&#8221;. Cos\u00ec il segretario generale della Nato, Jens Stoltenberg, parlando a Bruxelles dopo l&#8217;attacco all&#8217;Ucraina.<br \/>&#8220;Domani \u00e8 previsto un vertice. La Russia sta per fronteggiare delle sanzioni previste dagli accordi internazionali. Dobbiamo rispondere, e Nord America ed Europa sono insieme nella Nato. Proteggeremo i nostri valori e i nostri popoli&#8221;, aggiunge.<br \/>&#8220;Non ci sono al momento truppe Nato in Ucraina. Stiamo rafforzando la presenza nei Paesi dell&#8217;alleanza vicini all&#8217;Ucraina, ma non abbiamo nemmeno un piano per mandare truppe&#8221;, sottolinea Stoltenberg.<br \/>(ITALPRESS).<\/div>\n<div id=\"div-gpt-ad-Messinaoggi.it-DSK-300x250-corpoart\" style=\"text-align:center;margin:0 auto;\"><\/div><\/p><div id=\"videoincontent\" style=\"clear:both\";><\/div>","protected":false},"excerpt":{"rendered":"<p>BRUXELLES (BELGIO) (ITALPRESS) &#8211; &#8220;E&#8217; un attacco di lungo termine. Condanniamo l&#8217;invasione. Chiediamo alla Russia di interrompere le operazioni militari e di uscire dai territori ucraini. Se un Paese della Nato sar\u00e0 attaccato, la Russia sar\u00e0 attaccata. Queste sono le regole dell&#8217;Alleanza Atlantica&#8221;. Cos\u00ec il segretario generale della Nato, Jens Stoltenberg, parlando a Bruxelles dopo [&hellip;]<\/p>\n","protected":false},"author":18,"featured_media":98423,"comment_status":"closed","ping_status":"closed","sticky":false,"template":"","format":"standard","meta":{"ub_ctt_via":"","_mi_skip_tracking":false},"categories":[446],"tags":[783],"featured_image_src":"https:\/\/www.messinaoggi.it\/website\/wp-content\/uploads\/2022\/02\/20220224_0578.jpg","author_info":{"display_name":"Admin","author_link":"https:\/\/www.messinaoggi.it\/website\/author\/admin\/"},"digistream_id":0,"digistream":false,"_links":{"self":[{"href":"https:\/\/www.messinaoggi.it\/website\/wp-json\/wp\/v2\/posts\/98422"}],"collection":[{"href":"https:\/\/www.messinaoggi.it\/website\/wp-json\/wp\/v2\/posts"}],"about":[{"href":"https:\/\/www.messinaoggi.it\/website\/wp-json\/wp\/v2\/types\/post"}],"author":[{"embeddable":true,"href":"https:\/\/www.messinaoggi.it\/website\/wp-json\/wp\/v2\/users\/18"}],"replies":[{"embeddable":true,"href":"https:\/\/www.messinaoggi.it\/website\/wp-json\/wp\/v2\/comments?post=98422"}],"version-history":[{"count":0,"href":"https:\/\/www.messinaoggi.it\/website\/wp-json\/wp\/v2\/posts\/98422\/revisions"}],"wp:featuredmedia":[{"embeddable":true,"href":"https:\/\/www.messinaoggi.it\/website\/wp-json\/wp\/v2\/media\/98423"}],"wp:attachment":[{"href":"https:\/\/www.messinaoggi.it\/website\/wp-json\/wp\/v2\/media?parent=98422"}],"wp:term":[{"taxonomy":"category","embeddable":true,"href":"https:\/\/www.messinaoggi.it\/website\/wp-json\/wp\/v2\/categories?post=98422"},{"taxonomy":"post_tag","embeddable":true,"href":"https:\/\/www.messinaoggi.it\/website\/wp-json\/wp\/v2\/tags?post=98422"}],"curies":[{"name":"wp","href":"https:\/\/api.w.org\/{rel}","templated":true}]}}