{"id":98401,"date":"2022-02-24T10:15:42","date_gmt":"2022-02-24T09:15:42","guid":{"rendered":"http:\/\/www.messinaoggi.it\/website\/?p=98401"},"modified":"2022-02-24T10:15:43","modified_gmt":"2022-02-24T09:15:43","slug":"papilloma-virus-al-via-dal-28-alla-campagna-di-prevenzione-nellhub-fiera","status":"publish","type":"post","link":"https:\/\/www.messinaoggi.it\/website\/2022\/02\/24\/papilloma-virus-al-via-dal-28-alla-campagna-di-prevenzione-nellhub-fiera\/","title":{"rendered":"Papilloma virus, al via dal 28 alla campagna di prevenzione nell\u2019Hub Fiera"},"content":{"rendered":"\n<p>Il dipartimento di Prevenzione dell\u2019Asp di Messina insieme all\u2019Ufficio Covid 19 ha deciso di iniziare nell&#8217;Hub Fiera dal 28 febbraio una campagna di prevenzione per la vaccinazione per l&#8217;infezione causata dall&#8217;Human Papilloma Virus (HPV). Si tratta di un virus responsabile di una serie di patologie dell&#8217;apparato genitale, tra cui i condilomi, le lesioni cervicali e le neoplasie anogenitali, tumori testa collo e in particolare il tumore del collo dell&#8217;utero. La vaccinazione \u00e8 prevista dagli 11 anni in poi, ed \u00e8 gratuita per le donne fino al compimento ai 26 anni e negli uomini fino a 18 anni.\u00a0Inoltre, per chi ha alcune patologie ed \u00e8 un soggetto fragile e per i conviventi di chi sar\u00e0 interessato da questa vaccinazione, \u00e8 possibile farla gratis fino ai 45 anni. La vaccinazione \u00e8 prevista tutti i giorni e seguir\u00e0 gli orari dell&#8217;Hub vaccinale.<div id=\"div-gpt-ad-Messinaoggi.it-DSK-300x250-corpoart\" style=\"text-align:center;margin:0 auto;\"><\/div><\/p>\n\n\n\n<p>\u201cI vaccini &#8211; ricorda il prof Firenze &#8211; sono tra gli interventi sanitari pi\u00f9 studiati, sicuri ed efficaci che esistano. Per questo, bisogna fare presto affinch\u00e9 si possa rendere il Covid e anche i tumori causati dall&#8217;HPV un ricordo del passato. Questa nuova campagna \u00e8 importante perch\u00e9 nel corso dell&#8217;emergenza determinata dall&#8217;infezione da Covid-19, in effetti, le attivit\u00e0 vaccinali su Papilloma Virus sono drasticamente diminuite vista la situazione emergenziale. Il Ministero della salute, in linea con le indicazioni dell&#8217;Organizzazione Mondiale della Sanit\u00e0, ha formulato una serie di raccomandazioni operative rivolte alle regioni e province Autonome, allo scopo del ripristino e del rafforzamento delle attivit\u00e0 di vaccinazione, al pi\u00f9 presto tramite: il ripristino dei servizi dedicati; il rafforzamento della comunicazione ai cittadini sull&#8217;importanza della vaccinazione; il recupero delle \u00ablacune immunitarie\u00bb che si possono essere create durante l&#8217;emergenza dovuta al Covid 19; l&#8217;espansione dei servizi per le vaccinazioni \u00abdi routine\u00bb che consentano di raggiungere i soggetti non vaccinati&#8221;.<div id=\"videoincontent\" style=\"clear:both\";><\/div><\/p>\n\n\n\n<p>&#8220;Abbiamo dunque previsto negli scorsi giorni &#8211; conclude Firenze &#8211; nell&#8217;ambito della prevenzione collettiva e sanit\u00e0 pubblica, momenti informativi\/formativi e di addestramento in Fiera a Messina con l&#8217;obiettivo di fornire al personale coinvolto le necessarie indicazioni sulle corrette procedure, al fine non solo di raggiungere le percentuali di copertura vaccinale degli anni pre-pandemia, ma di superarle, per avere una totale copertura vaccinale&#8221;.<\/p>\n","protected":false},"excerpt":{"rendered":"<p>Il dipartimento di Prevenzione dell\u2019Asp di Messina insieme all\u2019Ufficio Covid 19 ha deciso di iniziare nell&#8217;Hub Fiera dal 28 febbraio una campagna di prevenzione per la vaccinazione per l&#8217;infezione causata dall&#8217;Human Papilloma Virus (HPV). Si tratta di un virus responsabile di una serie di patologie dell&#8217;apparato genitale, tra cui i condilomi, le lesioni cervicali e [&hellip;]<\/p>\n","protected":false},"author":8,"featured_media":61239,"comment_status":"open","ping_status":"open","sticky":false,"template":"","format":"standard","meta":{"ub_ctt_via":"","_mi_skip_tracking":false},"categories":[5],"tags":[4036],"featured_image_src":"https:\/\/www.messinaoggi.it\/website\/wp-content\/uploads\/2021\/04\/fiera-hub-vaccinale.jpg","author_info":{"display_name":"red..me","author_link":"https:\/\/www.messinaoggi.it\/website\/author\/redstage\/"},"digistream_id":0,"digistream":false,"_links":{"self":[{"href":"https:\/\/www.messinaoggi.it\/website\/wp-json\/wp\/v2\/posts\/98401"}],"collection":[{"href":"https:\/\/www.messinaoggi.it\/website\/wp-json\/wp\/v2\/posts"}],"about":[{"href":"https:\/\/www.messinaoggi.it\/website\/wp-json\/wp\/v2\/types\/post"}],"author":[{"embeddable":true,"href":"https:\/\/www.messinaoggi.it\/website\/wp-json\/wp\/v2\/users\/8"}],"replies":[{"embeddable":true,"href":"https:\/\/www.messinaoggi.it\/website\/wp-json\/wp\/v2\/comments?post=98401"}],"version-history":[{"count":1,"href":"https:\/\/www.messinaoggi.it\/website\/wp-json\/wp\/v2\/posts\/98401\/revisions"}],"predecessor-version":[{"id":98402,"href":"https:\/\/www.messinaoggi.it\/website\/wp-json\/wp\/v2\/posts\/98401\/revisions\/98402"}],"wp:featuredmedia":[{"embeddable":true,"href":"https:\/\/www.messinaoggi.it\/website\/wp-json\/wp\/v2\/media\/61239"}],"wp:attachment":[{"href":"https:\/\/www.messinaoggi.it\/website\/wp-json\/wp\/v2\/media?parent=98401"}],"wp:term":[{"taxonomy":"category","embeddable":true,"href":"https:\/\/www.messinaoggi.it\/website\/wp-json\/wp\/v2\/categories?post=98401"},{"taxonomy":"post_tag","embeddable":true,"href":"https:\/\/www.messinaoggi.it\/website\/wp-json\/wp\/v2\/tags?post=98401"}],"curies":[{"name":"wp","href":"https:\/\/api.w.org\/{rel}","templated":true}]}}