{"id":98294,"date":"2022-02-23T11:40:54","date_gmt":"2022-02-23T10:40:54","guid":{"rendered":"http:\/\/www.messinaoggi.it\/website\/?p=98294"},"modified":"2022-02-23T11:40:55","modified_gmt":"2022-02-23T10:40:55","slug":"basile-presenta-una-giunta-gattopardesca","status":"publish","type":"post","link":"https:\/\/www.messinaoggi.it\/website\/2022\/02\/23\/basile-presenta-una-giunta-gattopardesca\/","title":{"rendered":"Basile presenta una giunta gattopardesca"},"content":{"rendered":"\n<p>Nulla cambia rispetto alla giunta De Luca. Basile non sar\u00e0 un segnaposto ma un alter ego di De Luca. <br>&#8220;Stiamo chiudendo la lista che proporr\u00e0 Federico Basile come sindaco di\u00a0<strong>MESSINA<\/strong>. Tutta la giunta \u00e8 compatta nel prendere questa posizione. Io aspirer\u00f2 a fare il presidente del consiglio comunale, anche se \u00e8 ormai palese la mia candidatura per la presidenza della Regione Siciliana&#8221;.<div id=\"div-gpt-ad-Messinaoggi.it-DSK-300x250-corpoart\" style=\"text-align:center;margin:0 auto;\"><\/div><\/p>\n\n\n\n<p> Lo ha detto l&#8217;ex sindaco di\u00a0<strong>MESSINA<\/strong>, Cateno De Luca, nel corso della conferenza stampa nella quale ha presentato le posizioni della giunta comunale uscente nei confronti del candidato a sindaco Federico Basile.Cateno De Luca, ha lasciato la carica di primo cittadino di\u00a0<strong>MESSINA<\/strong>\u00a0per candidarsi per la presidenza della Regione Siciliana, con il suo movimento Sicilia Vera.De Luca, sin dal giorno in cui ha reso ufficiale la sua candidatura per le regionali, ha palesato l&#8217;intenzione di avanzare il nome di Federico Basile come suo successore per il comune di Messina.<div id=\"videoincontent\" style=\"clear:both\";><\/div><\/p>\n","protected":false},"excerpt":{"rendered":"<p>Nulla cambia rispetto alla giunta De Luca. Basile non sar\u00e0 un segnaposto ma un alter ego di De Luca. &#8220;Stiamo chiudendo la lista che proporr\u00e0 Federico Basile come sindaco di\u00a0MESSINA. Tutta la giunta \u00e8 compatta nel prendere questa posizione. Io aspirer\u00f2 a fare il presidente del consiglio comunale, anche se \u00e8 ormai palese la mia [&hellip;]<\/p>\n","protected":false},"author":2,"featured_media":98295,"comment_status":"open","ping_status":"open","sticky":false,"template":"","format":"standard","meta":{"ub_ctt_via":"","_mi_skip_tracking":false},"categories":[5],"tags":[126,2972,2419],"featured_image_src":"https:\/\/www.messinaoggi.it\/website\/wp-content\/uploads\/2022\/02\/B9359CFE-4BF2-4151-88DE-3F91A2986CEA.jpeg","author_info":{"display_name":"Redazione","author_link":"https:\/\/www.messinaoggi.it\/website\/author\/redazione\/"},"digistream_id":0,"digistream":false,"_links":{"self":[{"href":"https:\/\/www.messinaoggi.it\/website\/wp-json\/wp\/v2\/posts\/98294"}],"collection":[{"href":"https:\/\/www.messinaoggi.it\/website\/wp-json\/wp\/v2\/posts"}],"about":[{"href":"https:\/\/www.messinaoggi.it\/website\/wp-json\/wp\/v2\/types\/post"}],"author":[{"embeddable":true,"href":"https:\/\/www.messinaoggi.it\/website\/wp-json\/wp\/v2\/users\/2"}],"replies":[{"embeddable":true,"href":"https:\/\/www.messinaoggi.it\/website\/wp-json\/wp\/v2\/comments?post=98294"}],"version-history":[{"count":1,"href":"https:\/\/www.messinaoggi.it\/website\/wp-json\/wp\/v2\/posts\/98294\/revisions"}],"predecessor-version":[{"id":98296,"href":"https:\/\/www.messinaoggi.it\/website\/wp-json\/wp\/v2\/posts\/98294\/revisions\/98296"}],"wp:featuredmedia":[{"embeddable":true,"href":"https:\/\/www.messinaoggi.it\/website\/wp-json\/wp\/v2\/media\/98295"}],"wp:attachment":[{"href":"https:\/\/www.messinaoggi.it\/website\/wp-json\/wp\/v2\/media?parent=98294"}],"wp:term":[{"taxonomy":"category","embeddable":true,"href":"https:\/\/www.messinaoggi.it\/website\/wp-json\/wp\/v2\/categories?post=98294"},{"taxonomy":"post_tag","embeddable":true,"href":"https:\/\/www.messinaoggi.it\/website\/wp-json\/wp\/v2\/tags?post=98294"}],"curies":[{"name":"wp","href":"https:\/\/api.w.org\/{rel}","templated":true}]}}