{"id":98292,"date":"2022-02-23T11:10:57","date_gmt":"2022-02-23T10:10:57","guid":{"rendered":"http:\/\/www.messinaoggi.it\/website\/?p=98292"},"modified":"2022-02-23T11:10:58","modified_gmt":"2022-02-23T10:10:58","slug":"gaggi-lallarme-del-nursind-ambulanza-spostata-allungati-i-tempi-di-soccorso","status":"publish","type":"post","link":"https:\/\/www.messinaoggi.it\/website\/2022\/02\/23\/gaggi-lallarme-del-nursind-ambulanza-spostata-allungati-i-tempi-di-soccorso\/","title":{"rendered":"Gaggi, l&#8217;allarme del Nursind: &#8220;Ambulanza spostata, allungati i tempi di soccorso&#8221;"},"content":{"rendered":"\n<p>Sar\u00e0 trasferita la postazione da 118 da Trappitello a Gaggi ed \u00e8 allarme per l\u2019assistenza. Il sindacato Nursind segnala che a breve l\u2019ambulanza ad oggi situata a Trappitello sar\u00e0 trasferita a Gaggi e dunque sar\u00e0 sottratta a Giardini e Taormina.<div id=\"div-gpt-ad-Messinaoggi.it-DSK-300x250-corpoart\" style=\"text-align:center;margin:0 auto;\"><\/div><\/p>\n\n\n\n<p>\u201cUna scelta su cui le amministrazioni locali dovrebbero intervenire \u2013 afferma la segreteria territoriale del sindacato Nursind guidato da Ivan Alonge \u2013 perch\u00e9 con questa operazione se si dovessero fare interventi nella zona mare aumenter\u00e0 la tempistica di circa 8 minuti, essendo la nuova postazione pi\u00f9 lontana dall\u2019autostrada. Ad oggi nessuno dice nulla, stranamente nessuno dei due Comuni ha dei locali per garantire la postazione, eppure da marzo a ottobre l\u2019affluenza sul territorio \u00e8 cinque volte la popolazione attuale\u201d. <div id=\"videoincontent\" style=\"clear:both\";><\/div><\/p>\n\n\n\n<p>Il Nursind, per voce di Carmelo Desimone, spiega che &#8220;a Taormina c\u2019\u00e8 un mezzo composto da due soccorritori e un medico, ma nell\u2019ultimo periodo i medici sono stati carenti e quindi non sempre presenti, e questo non garantisce una assistenza idonea. Andrebbe dunque potenziata questa postazione piuttosto che spostare un mezzo di soccorso avanzato verso Gaggi\u201d.<\/p>\n","protected":false},"excerpt":{"rendered":"<p>Sar\u00e0 trasferita la postazione da 118 da Trappitello a Gaggi ed \u00e8 allarme per l\u2019assistenza. Il sindacato Nursind segnala che a breve l\u2019ambulanza ad oggi situata a Trappitello sar\u00e0 trasferita a Gaggi e dunque sar\u00e0 sottratta a Giardini e Taormina. \u201cUna scelta su cui le amministrazioni locali dovrebbero intervenire \u2013 afferma la segreteria territoriale del [&hellip;]<\/p>\n","protected":false},"author":8,"featured_media":2143,"comment_status":"open","ping_status":"open","sticky":false,"template":"","format":"standard","meta":{"ub_ctt_via":"","_mi_skip_tracking":false},"categories":[13,15],"tags":[1265,3648],"featured_image_src":"https:\/\/www.messinaoggi.it\/website\/wp-content\/uploads\/2017\/06\/118-ambulanza-2.jpg","author_info":{"display_name":"red..me","author_link":"https:\/\/www.messinaoggi.it\/website\/author\/redstage\/"},"digistream_id":0,"digistream":false,"_links":{"self":[{"href":"https:\/\/www.messinaoggi.it\/website\/wp-json\/wp\/v2\/posts\/98292"}],"collection":[{"href":"https:\/\/www.messinaoggi.it\/website\/wp-json\/wp\/v2\/posts"}],"about":[{"href":"https:\/\/www.messinaoggi.it\/website\/wp-json\/wp\/v2\/types\/post"}],"author":[{"embeddable":true,"href":"https:\/\/www.messinaoggi.it\/website\/wp-json\/wp\/v2\/users\/8"}],"replies":[{"embeddable":true,"href":"https:\/\/www.messinaoggi.it\/website\/wp-json\/wp\/v2\/comments?post=98292"}],"version-history":[{"count":1,"href":"https:\/\/www.messinaoggi.it\/website\/wp-json\/wp\/v2\/posts\/98292\/revisions"}],"predecessor-version":[{"id":98293,"href":"https:\/\/www.messinaoggi.it\/website\/wp-json\/wp\/v2\/posts\/98292\/revisions\/98293"}],"wp:featuredmedia":[{"embeddable":true,"href":"https:\/\/www.messinaoggi.it\/website\/wp-json\/wp\/v2\/media\/2143"}],"wp:attachment":[{"href":"https:\/\/www.messinaoggi.it\/website\/wp-json\/wp\/v2\/media?parent=98292"}],"wp:term":[{"taxonomy":"category","embeddable":true,"href":"https:\/\/www.messinaoggi.it\/website\/wp-json\/wp\/v2\/categories?post=98292"},{"taxonomy":"post_tag","embeddable":true,"href":"https:\/\/www.messinaoggi.it\/website\/wp-json\/wp\/v2\/tags?post=98292"}],"curies":[{"name":"wp","href":"https:\/\/api.w.org\/{rel}","templated":true}]}}