{"id":98271,"date":"2022-02-23T09:24:24","date_gmt":"2022-02-23T08:24:24","guid":{"rendered":"http:\/\/www.messinaoggi.it\/website\/?p=98271"},"modified":"2022-02-23T09:24:25","modified_gmt":"2022-02-23T08:24:25","slug":"arriva-il-commissario-ma-si-allontanano-le-elezioni","status":"publish","type":"post","link":"https:\/\/www.messinaoggi.it\/website\/2022\/02\/23\/arriva-il-commissario-ma-si-allontanano-le-elezioni\/","title":{"rendered":"Arriva il Commissario, ma si allontanano le elezioni?"},"content":{"rendered":"\n<p>L&#8217;arrivo del Commissario al Comune di Messina potrebbe spingere in autunno le elezioni amministrative. Contrariamente a quanto affermato dall&#8217;ormai ex sindaco di Messina, <strong>Cateno De Luca<\/strong>, il quale ha riferito di avere parlato con Palermo e che le elezioni si terranno a fine maggio (<strong>ricordiamo \u00e8 lo stesso che aveva detto che i magistrati della Corte dei Conti s&#8217;erano complimentati per il Piano di riequilibrio, salvo scoprire che fosse carente)<\/strong>, circola voce di un possibile rinvio.<div id=\"div-gpt-ad-Messinaoggi.it-DSK-300x250-corpoart\" style=\"text-align:center;margin:0 auto;\"><\/div><\/p>\n\n\n\n<p>Infatti, pende come una spada di Damocle il possibile referendum per la costituzione del Comune Monte-Mare, proposto da un comitato locale, e bloccato a mezzo di carte bollate dall&#8217;ex sindaco <strong>De Luca<\/strong> per disinnescare, o comunque spingere in avanti, la scissione dei villaggi collinari e rivieraschi da Messina.<div id=\"videoincontent\" style=\"clear:both\";><\/div><\/p>\n\n\n\n<p>Al Tar, infatti, pende un giudizio il cui esito potrebbe condizionare le prossime amministrative. Se i giudici daranno ragione agli scissionisti, allora \u00e8 molto probabile che il referendum si far\u00e0 prima delle prossime elezioni, dal momento che in caso di successo il corpo elettorale del Comune di Messina muter\u00e0. E quindi elezioni rinviate in autunno, sempre che intervenga una legge regionale che dia il via libera alla finestra autunnale, caso contrario le elezioni si terranno nella primavera del 2023. <\/p>\n\n\n\n<p>C&#8217;\u00e8 comunque, la possibilit\u00e0 che il Tar dia ragione al Comune di Messina e, in questo caso, si andrebbe al voto a maggio prossimo. <\/p>\n\n\n\n<p>Infine, esiste la cosiddetta &#8220;<strong>terza via<\/strong>&#8220;, ovvero che il Commissario appena nominato rinunci al ricorso al Tar e allora si terr\u00e0 la consultazione popolare con rinvio delle elezioni.<\/p>\n\n\n\n<p>Insomma, non \u00e8 detto che si vada al voto a maggio prossimo, ipotesi che De Luca vorrebbe scongiurare perch\u00e9 la &#8220;piazza&#8221; potrebbe raffreddarsi e gli elettori potrebbero voltargli le spalle di fronte a dimissioni che appaiono a dir poco scellerate. Nella peggiore delle ipotesi, quindi, Messina rischia un lunghissimo commissariamento che porr\u00e0 la citt\u00e0 dello Stretto nelle condizioni di non avere una guida politica. <\/p>\n\n\n\n<p>Non che quella commissariale sia scadente, dal momento che il governatore <strong>Nello Musumeci <\/strong>ha fatto ricadere la sua scelta su <strong>Leonardo Santoro<\/strong>, stimabile dirigente regionale messinese che conosce a menadito la sua citt\u00e0. Ma politicamente un lungo commissariamento sarebbe una iattura dal momento che il vertice di Palazzo Zanca, a norma di legge, dovr\u00e0 occuparsi solo dell&#8217;ordinaria amministrazione.<\/p>\n\n\n\n<p>E poi c&#8217;\u00e8 il nodo, ancora irrisolto, del Piano di riequilibrio, tenuto conto che l&#8217;uscente <strong>Cateno De Luca<\/strong> ha solo frettolosamente rimodulato il piano, dopo che era stato &#8220;<strong>bocciato<\/strong>&#8221; il precedente, senza nemmeno farlo votare al Consiglio comunale. <\/p>\n\n\n\n<p>Al di l\u00e0 delle dichiarazioni di facciata di <strong>Cateno De Luca<\/strong>, un autentico mago della finanza pubblica, non \u00e8 scongiurato il rischio del default. Il &#8220;ventre molle&#8221; del riequilibrio \u00e8 rappresentato dalle transazioni, sulle quali i magistrati contabili hanno concentrato le proprie attenzioni.<\/p>\n\n\n\n<p><strong>Davide Gambale<\/strong><\/p>\n","protected":false},"excerpt":{"rendered":"<p>L&#8217;arrivo del Commissario al Comune di Messina potrebbe spingere in autunno le elezioni amministrative. Contrariamente a quanto affermato dall&#8217;ormai ex sindaco di Messina, Cateno De Luca, il quale ha riferito di avere parlato con Palermo e che le elezioni si terranno a fine maggio (ricordiamo \u00e8 lo stesso che aveva detto che i magistrati della [&hellip;]<\/p>\n","protected":false},"author":2,"featured_media":12262,"comment_status":"open","ping_status":"open","sticky":false,"template":"","format":"standard","meta":{"ub_ctt_via":"","_mi_skip_tracking":false},"categories":[19],"tags":[126,96,4027,593,2491,4031],"featured_image_src":"https:\/\/www.messinaoggi.it\/website\/wp-content\/uploads\/2017\/12\/leonardo-santoro.jpg","author_info":{"display_name":"Redazione","author_link":"https:\/\/www.messinaoggi.it\/website\/author\/redazione\/"},"digistream_id":0,"digistream":false,"_links":{"self":[{"href":"https:\/\/www.messinaoggi.it\/website\/wp-json\/wp\/v2\/posts\/98271"}],"collection":[{"href":"https:\/\/www.messinaoggi.it\/website\/wp-json\/wp\/v2\/posts"}],"about":[{"href":"https:\/\/www.messinaoggi.it\/website\/wp-json\/wp\/v2\/types\/post"}],"author":[{"embeddable":true,"href":"https:\/\/www.messinaoggi.it\/website\/wp-json\/wp\/v2\/users\/2"}],"replies":[{"embeddable":true,"href":"https:\/\/www.messinaoggi.it\/website\/wp-json\/wp\/v2\/comments?post=98271"}],"version-history":[{"count":1,"href":"https:\/\/www.messinaoggi.it\/website\/wp-json\/wp\/v2\/posts\/98271\/revisions"}],"predecessor-version":[{"id":98276,"href":"https:\/\/www.messinaoggi.it\/website\/wp-json\/wp\/v2\/posts\/98271\/revisions\/98276"}],"wp:featuredmedia":[{"embeddable":true,"href":"https:\/\/www.messinaoggi.it\/website\/wp-json\/wp\/v2\/media\/12262"}],"wp:attachment":[{"href":"https:\/\/www.messinaoggi.it\/website\/wp-json\/wp\/v2\/media?parent=98271"}],"wp:term":[{"taxonomy":"category","embeddable":true,"href":"https:\/\/www.messinaoggi.it\/website\/wp-json\/wp\/v2\/categories?post=98271"},{"taxonomy":"post_tag","embeddable":true,"href":"https:\/\/www.messinaoggi.it\/website\/wp-json\/wp\/v2\/tags?post=98271"}],"curies":[{"name":"wp","href":"https:\/\/api.w.org\/{rel}","templated":true}]}}