{"id":98249,"date":"2022-02-22T23:07:32","date_gmt":"2022-02-22T22:07:32","guid":{"rendered":"https:\/\/www.messinaoggi.it\/website\/2022\/02\/22\/covid-costa-ragionevole-allentamento-misure-a-partire-dal-green-pass\/"},"modified":"2022-02-22T23:45:31","modified_gmt":"2022-02-22T22:45:31","slug":"covid-costa-ragionevole-allentamento-misure-a-partire-dal-green-pass","status":"publish","type":"post","link":"https:\/\/www.messinaoggi.it\/website\/2022\/02\/22\/covid-costa-ragionevole-allentamento-misure-a-partire-dal-green-pass\/","title":{"rendered":"Covid, Costa \u201cRagionevole allentamento misure a partire dal green pass\u201d"},"content":{"rendered":"<div>ROMA (ITALPRESS) &#8211; &#8220;Siamo di fronte a uno scenario positivo. I dati confermano che i numeri scendono e che sta scendendo la pressione sui nostri ospedali. Di fronte a 50 milioni di cittadini vaccinati, dopo due anni di regole e restrizioni, credo sia giunto il momento di dare messaggi di positivit\u00e0 e fiducia ai cittadini&#8221;. A dirlo, ospite di Porta a Porta il sottosegretario della Salute Andrea Costa.<br \/>&#8220;In questa direzione &#8211; aggiunge &#8211; va la decisione assunta per il turismo. Abbiamo tolto la quarantena per chi arriva nel nostro Paese, e questo per l&#8217;Italia significa potere programmare e pianificare. I dati ci confermano che ragionevolmente il 31 marzo non verr\u00e0 confermato lo stato di emergenza, e da l\u00ec inizier\u00e0 l&#8217;allentamento graduale delle misure restrittive, a partire anche dal green pass&#8221;.<br \/>(ITALPRESS).<\/div>\n<div id=\"div-gpt-ad-Messinaoggi.it-DSK-300x250-corpoart\" style=\"text-align:center;margin:0 auto;\"><\/div><\/p><div id=\"videoincontent\" style=\"clear:both\";><\/div>","protected":false},"excerpt":{"rendered":"<p>ROMA (ITALPRESS) &#8211; &#8220;Siamo di fronte a uno scenario positivo. I dati confermano che i numeri scendono e che sta scendendo la pressione sui nostri ospedali. Di fronte a 50 milioni di cittadini vaccinati, dopo due anni di regole e restrizioni, credo sia giunto il momento di dare messaggi di positivit\u00e0 e fiducia ai cittadini&#8221;. [&hellip;]<\/p>\n","protected":false},"author":18,"featured_media":98250,"comment_status":"closed","ping_status":"closed","sticky":false,"template":"","format":"standard","meta":{"ub_ctt_via":"","_mi_skip_tracking":false},"categories":[221,446],"tags":[783],"featured_image_src":"https:\/\/www.messinaoggi.it\/website\/wp-content\/uploads\/2022\/02\/20220222_2399.jpg","author_info":{"display_name":"Admin","author_link":"https:\/\/www.messinaoggi.it\/website\/author\/admin\/"},"digistream_id":0,"digistream":false,"_links":{"self":[{"href":"https:\/\/www.messinaoggi.it\/website\/wp-json\/wp\/v2\/posts\/98249"}],"collection":[{"href":"https:\/\/www.messinaoggi.it\/website\/wp-json\/wp\/v2\/posts"}],"about":[{"href":"https:\/\/www.messinaoggi.it\/website\/wp-json\/wp\/v2\/types\/post"}],"author":[{"embeddable":true,"href":"https:\/\/www.messinaoggi.it\/website\/wp-json\/wp\/v2\/users\/18"}],"replies":[{"embeddable":true,"href":"https:\/\/www.messinaoggi.it\/website\/wp-json\/wp\/v2\/comments?post=98249"}],"version-history":[{"count":1,"href":"https:\/\/www.messinaoggi.it\/website\/wp-json\/wp\/v2\/posts\/98249\/revisions"}],"predecessor-version":[{"id":98253,"href":"https:\/\/www.messinaoggi.it\/website\/wp-json\/wp\/v2\/posts\/98249\/revisions\/98253"}],"wp:featuredmedia":[{"embeddable":true,"href":"https:\/\/www.messinaoggi.it\/website\/wp-json\/wp\/v2\/media\/98250"}],"wp:attachment":[{"href":"https:\/\/www.messinaoggi.it\/website\/wp-json\/wp\/v2\/media?parent=98249"}],"wp:term":[{"taxonomy":"category","embeddable":true,"href":"https:\/\/www.messinaoggi.it\/website\/wp-json\/wp\/v2\/categories?post=98249"},{"taxonomy":"post_tag","embeddable":true,"href":"https:\/\/www.messinaoggi.it\/website\/wp-json\/wp\/v2\/tags?post=98249"}],"curies":[{"name":"wp","href":"https:\/\/api.w.org\/{rel}","templated":true}]}}