{"id":981,"date":"2017-05-29T22:21:58","date_gmt":"2017-05-29T20:21:58","guid":{"rendered":"http:\/\/www.messinaoggi.it\/website\/?p=981"},"modified":"2017-05-29T22:21:58","modified_gmt":"2017-05-29T20:21:58","slug":"iv-edizione-del-trofeo-velico-dei-nautici-ditalia","status":"publish","type":"post","link":"https:\/\/www.messinaoggi.it\/website\/2017\/05\/29\/iv-edizione-del-trofeo-velico-dei-nautici-ditalia\/","title":{"rendered":"IV edizione del &quot;Trofeo Velico dei Nautici d&#039;Italia&quot;"},"content":{"rendered":"<p>La IV edizione del &#8220;Trofeo Velico dei Nautici d&#8217;Italia&#8221; inizier\u00e0 luned\u00ec 29 maggio alle ore 10.00, presso la &#8220;Marina del Nettuno Yachting Club&#8221; di viale della Libert\u00e0 a Messina, con la conferenza stampa di presentazione dove saranno presenti, oltre al Dirigente Scolastico dello storico istituto nautico di via La Farina, Prof.ssa Maria Schir\u00f2, il Presidente della Lega Navale, sezione di Messina, dott. Luigi Albanese, il Com. Antonino Aneri, delegato RFI nonch\u00e9 Direttore Tecnico del Gruppo Sportivo \u201cLega Navale\u201d, i rappresentanti degli Enti e delle Associazioni sostenitori del Progetto, e tutti gli equipaggi partecipanti.<br \/>\nLe gare si svolgeranno nelle giornate di lunedi 29, marted\u00ec 30 e mercoled\u00ec 31 maggio, presso lo specchio di mare antistante la Lega Navale di Messina.<br \/>\nInfine ci sar\u00e0 la cerimonia di premiazione alla presenza delle massime autorit\u00e0 civili e militari, nella storica struttura del Forte San Salvatore, all\u2019interno della Base delle Marina Militare di Messina. La Festa di Saluto dei partecipanti si terr\u00e0, invece, nel Salone di rappresentanza della Camera di Commercio di Messina. E&#8217; previsto, inoltre, nella giornata di marted\u00ec 30 maggio, un momento formativo, a cura del Prof. Salvatore Giacobbe dal titolo \u201cLo Stretto di Messina e le sue meraviglie\u201d e una visita dell\u2019area protetta dei Laghi Faro e Ganzirri.<div id=\"div-gpt-ad-Messinaoggi.it-DSK-300x250-corpoart\" style=\"text-align:center;margin:0 auto;\"><\/div><\/p>\n<div id=\"videoincontent\" style=\"clear:both\";><\/div>","protected":false},"excerpt":{"rendered":"<p>La IV edizione del &#8220;Trofeo Velico dei Nautici d&#8217;Italia&#8221; inizier\u00e0 luned\u00ec 29 maggio alle ore 10.00, presso la &#8220;Marina del Nettuno Yachting Club&#8221; di viale della Libert\u00e0 a Messina, con la conferenza stampa di presentazione dove saranno presenti, oltre al Dirigente Scolastico dello storico istituto nautico di via La Farina, Prof.ssa Maria Schir\u00f2, il Presidente [&hellip;]<\/p>\n","protected":false},"author":2,"featured_media":982,"comment_status":"closed","ping_status":"open","sticky":false,"template":"","format":"standard","meta":{"ub_ctt_via":"","_mi_skip_tracking":false},"categories":[8,9],"tags":[],"featured_image_src":"https:\/\/www.messinaoggi.it\/website\/wp-content\/uploads\/2017\/05\/trofeo-velico-nautici-italia-2.jpg","author_info":{"display_name":"Redazione","author_link":"https:\/\/www.messinaoggi.it\/website\/author\/redazione\/"},"digistream_id":0,"digistream":false,"_links":{"self":[{"href":"https:\/\/www.messinaoggi.it\/website\/wp-json\/wp\/v2\/posts\/981"}],"collection":[{"href":"https:\/\/www.messinaoggi.it\/website\/wp-json\/wp\/v2\/posts"}],"about":[{"href":"https:\/\/www.messinaoggi.it\/website\/wp-json\/wp\/v2\/types\/post"}],"author":[{"embeddable":true,"href":"https:\/\/www.messinaoggi.it\/website\/wp-json\/wp\/v2\/users\/2"}],"replies":[{"embeddable":true,"href":"https:\/\/www.messinaoggi.it\/website\/wp-json\/wp\/v2\/comments?post=981"}],"version-history":[{"count":0,"href":"https:\/\/www.messinaoggi.it\/website\/wp-json\/wp\/v2\/posts\/981\/revisions"}],"wp:featuredmedia":[{"embeddable":true,"href":"https:\/\/www.messinaoggi.it\/website\/wp-json\/wp\/v2\/media\/982"}],"wp:attachment":[{"href":"https:\/\/www.messinaoggi.it\/website\/wp-json\/wp\/v2\/media?parent=981"}],"wp:term":[{"taxonomy":"category","embeddable":true,"href":"https:\/\/www.messinaoggi.it\/website\/wp-json\/wp\/v2\/categories?post=981"},{"taxonomy":"post_tag","embeddable":true,"href":"https:\/\/www.messinaoggi.it\/website\/wp-json\/wp\/v2\/tags?post=981"}],"curies":[{"name":"wp","href":"https:\/\/api.w.org\/{rel}","templated":true}]}}