{"id":97889,"date":"2022-02-20T09:07:36","date_gmt":"2022-02-20T08:07:36","guid":{"rendered":"https:\/\/www.messinaoggi.it\/website\/2022\/02\/20\/speranza-covid-non-sparisce-31-marzo-teniamo-green-pass-e-mascherine\/"},"modified":"2022-02-20T09:10:18","modified_gmt":"2022-02-20T08:10:18","slug":"speranza-covid-non-sparisce-31-marzo-teniamo-green-pass-e-mascherine","status":"publish","type":"post","link":"https:\/\/www.messinaoggi.it\/website\/2022\/02\/20\/speranza-covid-non-sparisce-31-marzo-teniamo-green-pass-e-mascherine\/","title":{"rendered":"Speranza \u201cCovid non sparisce 31 marzo, teniamo green pass e mascherine\u201d"},"content":{"rendered":"<div>ROMA (ITALPRESS) &#8211; &#8220;Questo \u00e8 l&#8217;anno cruciale per capire se torneremo a un vita pienamente normale. Sono ottimista, ma la partita non \u00e8 chiusa. Tra pochi mesi, un pezzo di mondo entrer\u00e0 nell&#8217;autunno: osservandoli, capiremo cosa ci aspetta. A marzo parte la quarta dose per gli immunocompromessi, ma dovremo valutare il richiamo per tutti dopo l&#8217;estate. E&#8217; da considerare probabile, perch\u00e8 il virus non stringe la mano e se ne va per sempre. Purtroppo&#8221;. Lo ha detto, in un colloquio con il quotidiano Repubblica, il ministro della Salute Roberto Speranza. Il lockdown? &#8220;Nessuno conosceva il virus. C&#8217;erano solo parziali informazioni dalla Cina. Non mandammo subito le camionette a chiudere tutto il Paese, provammo a circoscrivere l&#8217;area, ma ci rendemmo conto che il virus era gi\u00e0 altrove, nelle province di Piacenza, Bergamo, Brescia. La scelta del lockdown nazionale ha evitato che la prima ondata arrivasse al Sud, salvando molte vite: questa \u00e8 la verit\u00e0&#8221;. &#8220;Molti ministri della Salute hanno lasciato dicendo: Non ce la faccio pi\u00f9. A volte \u00e8 stata durissima, soprattutto marzo del 2020. Ma in nessun passaggio mi sono sentito solo: avevo al mio fianco la comunit\u00e0 scientifica italiana, il governo e il sorriso dei miei figli. Devo essere onesto, non ho mai pensato di mollare. Neanche per un istante&#8230;&#8221;. &#8220;Ricordo tutto di quei giorni L&#8217;Italia non era preparata ma chi lo era nel mondo? Abbiamo sempre seguito la scienza Il Covid non sparisce il 31 marzo, strumenti come Pass e protezioni vanno conservati. I vaccini ci hanno fatto vincere&#8221;.<br \/>\n(ITALPRESS).<\/div>\n<div id=\"div-gpt-ad-Messinaoggi.it-DSK-300x250-corpoart\" style=\"text-align:center;margin:0 auto;\"><\/div><\/p><div id=\"videoincontent\" style=\"clear:both\";><\/div>","protected":false},"excerpt":{"rendered":"<p>ROMA (ITALPRESS) &#8211; &#8220;Questo \u00e8 l&#8217;anno cruciale per capire se torneremo a un vita pienamente normale. Sono ottimista, ma la partita non \u00e8 chiusa. Tra pochi mesi, un pezzo di mondo entrer\u00e0 nell&#8217;autunno: osservandoli, capiremo cosa ci aspetta. A marzo parte la quarta dose per gli immunocompromessi, ma dovremo valutare il richiamo per tutti dopo [&hellip;]<\/p>\n","protected":false},"author":18,"featured_media":97890,"comment_status":"closed","ping_status":"closed","sticky":false,"template":"","format":"standard","meta":{"ub_ctt_via":"","_mi_skip_tracking":false},"categories":[221,446],"tags":[783],"featured_image_src":"https:\/\/www.messinaoggi.it\/website\/wp-content\/uploads\/2022\/02\/20220220_0130.jpg","author_info":{"display_name":"Admin","author_link":"https:\/\/www.messinaoggi.it\/website\/author\/admin\/"},"digistream_id":0,"digistream":false,"_links":{"self":[{"href":"https:\/\/www.messinaoggi.it\/website\/wp-json\/wp\/v2\/posts\/97889"}],"collection":[{"href":"https:\/\/www.messinaoggi.it\/website\/wp-json\/wp\/v2\/posts"}],"about":[{"href":"https:\/\/www.messinaoggi.it\/website\/wp-json\/wp\/v2\/types\/post"}],"author":[{"embeddable":true,"href":"https:\/\/www.messinaoggi.it\/website\/wp-json\/wp\/v2\/users\/18"}],"replies":[{"embeddable":true,"href":"https:\/\/www.messinaoggi.it\/website\/wp-json\/wp\/v2\/comments?post=97889"}],"version-history":[{"count":1,"href":"https:\/\/www.messinaoggi.it\/website\/wp-json\/wp\/v2\/posts\/97889\/revisions"}],"predecessor-version":[{"id":97898,"href":"https:\/\/www.messinaoggi.it\/website\/wp-json\/wp\/v2\/posts\/97889\/revisions\/97898"}],"wp:featuredmedia":[{"embeddable":true,"href":"https:\/\/www.messinaoggi.it\/website\/wp-json\/wp\/v2\/media\/97890"}],"wp:attachment":[{"href":"https:\/\/www.messinaoggi.it\/website\/wp-json\/wp\/v2\/media?parent=97889"}],"wp:term":[{"taxonomy":"category","embeddable":true,"href":"https:\/\/www.messinaoggi.it\/website\/wp-json\/wp\/v2\/categories?post=97889"},{"taxonomy":"post_tag","embeddable":true,"href":"https:\/\/www.messinaoggi.it\/website\/wp-json\/wp\/v2\/tags?post=97889"}],"curies":[{"name":"wp","href":"https:\/\/api.w.org\/{rel}","templated":true}]}}