{"id":9776,"date":"2017-10-17T11:19:31","date_gmt":"2017-10-17T09:19:31","guid":{"rendered":"http:\/\/www.messinaoggi.it\/website\/?p=9776"},"modified":"2017-10-17T11:19:31","modified_gmt":"2017-10-17T09:19:31","slug":"citta-metropolitana-calanna-nominato-commissario","status":"publish","type":"post","link":"https:\/\/www.messinaoggi.it\/website\/2017\/10\/17\/citta-metropolitana-calanna-nominato-commissario\/","title":{"rendered":"Citt\u00e0 metropolitana, Calanna nominato Commissario"},"content":{"rendered":"<p>Il nome di Francesco Calanna circolava da qualche settimana, adesso c&#8217;\u00e8 l&#8217;ufficialit\u00e0. L&#8217;attuale Commissario dell&#8217;Iacp di Messina ha raddoppiato il suo incarico e si metter\u00e0 al timone dell&#8217;ex Provincia di Messina.<br \/>\nIl decreto di nomina \u00e8 stato firmato dal governatore Rosario Crocetta. Si \u00e8 trattato di un atto dovuto da parte del presidente della Regione che ha dovuto conferire una guida all&#8217;Ente.<div id=\"div-gpt-ad-Messinaoggi.it-DSK-300x250-corpoart\" style=\"text-align:center;margin:0 auto;\"><\/div><\/p>\n<div id=\"videoincontent\" style=\"clear:both\";><\/div>","protected":false},"excerpt":{"rendered":"<p>Il nome di Francesco Calanna circolava da qualche settimana, adesso c&#8217;\u00e8 l&#8217;ufficialit\u00e0. L&#8217;attuale Commissario dell&#8217;Iacp di Messina ha raddoppiato il suo incarico e si metter\u00e0 al timone dell&#8217;ex Provincia di Messina. Il decreto di nomina \u00e8 stato firmato dal governatore Rosario Crocetta. Si \u00e8 trattato di un atto dovuto da parte del presidente della Regione [&hellip;]<\/p>\n","protected":false},"author":2,"featured_media":3888,"comment_status":"closed","ping_status":"open","sticky":false,"template":"","format":"standard","meta":{"ub_ctt_via":"","_mi_skip_tracking":false},"categories":[4],"tags":[],"featured_image_src":"https:\/\/www.messinaoggi.it\/website\/wp-content\/uploads\/2017\/07\/Calanna-Francsco-2.jpg","author_info":{"display_name":"Redazione","author_link":"https:\/\/www.messinaoggi.it\/website\/author\/redazione\/"},"digistream_id":0,"digistream":false,"_links":{"self":[{"href":"https:\/\/www.messinaoggi.it\/website\/wp-json\/wp\/v2\/posts\/9776"}],"collection":[{"href":"https:\/\/www.messinaoggi.it\/website\/wp-json\/wp\/v2\/posts"}],"about":[{"href":"https:\/\/www.messinaoggi.it\/website\/wp-json\/wp\/v2\/types\/post"}],"author":[{"embeddable":true,"href":"https:\/\/www.messinaoggi.it\/website\/wp-json\/wp\/v2\/users\/2"}],"replies":[{"embeddable":true,"href":"https:\/\/www.messinaoggi.it\/website\/wp-json\/wp\/v2\/comments?post=9776"}],"version-history":[{"count":0,"href":"https:\/\/www.messinaoggi.it\/website\/wp-json\/wp\/v2\/posts\/9776\/revisions"}],"wp:featuredmedia":[{"embeddable":true,"href":"https:\/\/www.messinaoggi.it\/website\/wp-json\/wp\/v2\/media\/3888"}],"wp:attachment":[{"href":"https:\/\/www.messinaoggi.it\/website\/wp-json\/wp\/v2\/media?parent=9776"}],"wp:term":[{"taxonomy":"category","embeddable":true,"href":"https:\/\/www.messinaoggi.it\/website\/wp-json\/wp\/v2\/categories?post=9776"},{"taxonomy":"post_tag","embeddable":true,"href":"https:\/\/www.messinaoggi.it\/website\/wp-json\/wp\/v2\/tags?post=9776"}],"curies":[{"name":"wp","href":"https:\/\/api.w.org\/{rel}","templated":true}]}}