{"id":9772,"date":"2017-10-17T10:43:46","date_gmt":"2017-10-17T08:43:46","guid":{"rendered":"http:\/\/www.messinaoggi.it\/website\/?p=9772"},"modified":"2017-10-17T10:43:46","modified_gmt":"2017-10-17T08:43:46","slug":"croce-e-necessario-potenziare-la-medicina-territoriale-vertice-per-il-riordino-del-sistema-ospedaliero","status":"publish","type":"post","link":"https:\/\/www.messinaoggi.it\/website\/2017\/10\/17\/croce-e-necessario-potenziare-la-medicina-territoriale-vertice-per-il-riordino-del-sistema-ospedaliero\/","title":{"rendered":"Croc\u00e8: &quot;E\u2019 necessario potenziare la medicina territoriale&quot;. Vertice per il riordino del sistema ospedaliero"},"content":{"rendered":"<p style=\"text-align: justify\">\u201cSpiace constatare l\u2019assenza \u2013 ha esordito la segretaria confederale, <strong>Clara Croc\u00e9<\/strong> \u2013 di coloro che dovrebbero rappresentare i nostri interlocutori nell\u2019affrontare un tema cos\u00ec delicato come quello della sanit\u00e0, un tema a cui i nostri politici, soprattutto quelli che verranno, dovranno dare risposte serie e concrete\u201d.<div id=\"div-gpt-ad-Messinaoggi.it-DSK-300x250-corpoart\" style=\"text-align:center;margin:0 auto;\"><\/div><\/p>\n<p style=\"text-align: justify\">All&#8217;incontro convocato dal sindaco <strong>Renato Accorinti<\/strong> per discutere della riorganizzazione della rete ospedaliera della provincia di Messina era assente l&#8217;assessore al ramo <strong>Gucciardi<\/strong> e Clara Croc\u00e8 lamenta proprio tale mancanza, presenza fondamentale per discutere di sanit\u00e0.<div id=\"videoincontent\" style=\"clear:both\";><\/div><\/p>\n<p style=\"text-align: justify\">La rappresentante sindacale evidenzia: \u201cNon sono state sperimentate azioni di integrazione ospedaliera. La rete emergenza urgenza 118 meriterebbe la giusta attenzione. Le nostre ambulanze si muovono sul territorio senza conoscere le disponibilit\u00e0 dei posti letto. Ancora non esiste il personale medico e infermieristico dedicato al 118\u201d. Sono molti gli interrogativi che la segretaria confederale rivolge agli organi competenti in materia, non mancano quelli indirizzati al primo cittadino Renato Accorti, al quale chiede: \u201cCome mai abbia aspettato tanto per convocare la conferenza odierna, che la CGIL chiede da mesi, e che purtroppo avremmo sperato potesse essere pi\u00f9 concreto: adesso ci troviamo in piena campagna elettorale per discutere di sanit\u00e0 con interlocutori che probabilmente il 6 novembre non saranno gli stessi. La nostra provincia \u00e8 stata massacrata, nonostante qualche aggiustamento in seguito alle proteste dei cittadini e dei sindaci\u201d.<\/p>\n<p style=\"text-align: justify\">Per entrare nel concreto, l&#8217;azienda Papardo con l&#8217;attuale rete ospedaliera ha avuto una perdita di <strong>86 posti letto.<\/strong> La riduzione ha colpito solo le strutture pubbliche, quelle private hanno assistito ad un aumento, anche se la legge prevedeva una riduzione in entrambi i settori.<\/p>\n<p style=\"text-align: justify\">In ultima istanza la rappresentante sindacale conclude: \u201cNonostante l\u2019impegno dell\u2019attuale commissario del Papardo in merito all\u2019assorbimento degli esuberi, non possiamo fare a meno di chiedere ad invarianza di spesa come verr\u00f2 assicurata l\u2019assistenza sanitaria e l\u2019assorbimento dei vincitori di concorso. E perch\u00e9 quello che non \u00e8 stato consentito all\u2019ex direttore generale Michele Vullo adesso viene consentito al Commissario?&#8221;<\/p>\n","protected":false},"excerpt":{"rendered":"<p>\u201cSpiace constatare l\u2019assenza \u2013 ha esordito la segretaria confederale, Clara Croc\u00e9 \u2013 di coloro che dovrebbero rappresentare i nostri interlocutori nell\u2019affrontare un tema cos\u00ec delicato come quello della sanit\u00e0, un tema a cui i nostri politici, soprattutto quelli che verranno, dovranno dare risposte serie e concrete\u201d. All&#8217;incontro convocato dal sindaco Renato Accorinti per discutere della [&hellip;]<\/p>\n","protected":false},"author":8,"featured_media":2180,"comment_status":"closed","ping_status":"open","sticky":false,"template":"","format":"standard","meta":{"ub_ctt_via":"","_mi_skip_tracking":false},"categories":[5],"tags":[],"featured_image_src":"https:\/\/www.messinaoggi.it\/website\/wp-content\/uploads\/2017\/06\/clara-croce-cgil-2.jpg","author_info":{"display_name":"red..me","author_link":"https:\/\/www.messinaoggi.it\/website\/author\/redstage\/"},"digistream_id":0,"digistream":false,"_links":{"self":[{"href":"https:\/\/www.messinaoggi.it\/website\/wp-json\/wp\/v2\/posts\/9772"}],"collection":[{"href":"https:\/\/www.messinaoggi.it\/website\/wp-json\/wp\/v2\/posts"}],"about":[{"href":"https:\/\/www.messinaoggi.it\/website\/wp-json\/wp\/v2\/types\/post"}],"author":[{"embeddable":true,"href":"https:\/\/www.messinaoggi.it\/website\/wp-json\/wp\/v2\/users\/8"}],"replies":[{"embeddable":true,"href":"https:\/\/www.messinaoggi.it\/website\/wp-json\/wp\/v2\/comments?post=9772"}],"version-history":[{"count":0,"href":"https:\/\/www.messinaoggi.it\/website\/wp-json\/wp\/v2\/posts\/9772\/revisions"}],"wp:featuredmedia":[{"embeddable":true,"href":"https:\/\/www.messinaoggi.it\/website\/wp-json\/wp\/v2\/media\/2180"}],"wp:attachment":[{"href":"https:\/\/www.messinaoggi.it\/website\/wp-json\/wp\/v2\/media?parent=9772"}],"wp:term":[{"taxonomy":"category","embeddable":true,"href":"https:\/\/www.messinaoggi.it\/website\/wp-json\/wp\/v2\/categories?post=9772"},{"taxonomy":"post_tag","embeddable":true,"href":"https:\/\/www.messinaoggi.it\/website\/wp-json\/wp\/v2\/tags?post=9772"}],"curies":[{"name":"wp","href":"https:\/\/api.w.org\/{rel}","templated":true}]}}