{"id":9764,"date":"2017-10-17T09:52:10","date_gmt":"2017-10-17T07:52:10","guid":{"rendered":"http:\/\/www.messinaoggi.it\/website\/?p=9764"},"modified":"2017-10-17T09:52:10","modified_gmt":"2017-10-17T07:52:10","slug":"tentativo-di-fuga-dallex-caserma-di-bisconte-migrante-si-ferisce-ad-una-gamba","status":"publish","type":"post","link":"https:\/\/www.messinaoggi.it\/website\/2017\/10\/17\/tentativo-di-fuga-dallex-caserma-di-bisconte-migrante-si-ferisce-ad-una-gamba\/","title":{"rendered":"Tentativo di fuga dall&#039;ex caserma di Bisconte, migrante si ferisce ad una gamba"},"content":{"rendered":"<p>&#8220;Ennesimo tentativo di violazione di domicilio a Bisconte&#8221;: lo denunciano\u00a0i consiglieri, Alessandro Cacciotto (Terza Circoscrizione) Libero Gioveni e Nino Carreri (Consiglio comunale), che chiedono a gran voce l&#8217;intervento delle istituzioni cittadine. &#8220;Purtroppo &#8211; come ci riferiscono i residenti &#8211; c&#8217;\u00e8 stato l\u2019 ennesimo caso di tentata violazione di domicilio da parte di un gruppetto di migranti che hanno scavalcato il muro dell&#8217;ex caserma di Bisconte.<br \/>\nUno dei migranti \u00e8 caduto dal muro di recinzione esterno che da sulle case di Camaro San Luigi, facendosi male ad una gamba, gli altri si sono dati alla fuga.\u00a0 Sul posto sono arrivati le forze dell&#8217;ordine ed un ambulanza del &#8220;118&#8221;. La situazione \u00e8 drammatica; ci\u00f2 che lascia sbigottiti \u00e8 il silenzio.<br \/>\nSe non fosse per i residenti &#8211; dichiarano i tre consiglieri &#8211; la citt\u00e0 sarebbe all\u2019oscuro di tutto. Abbiamo da tempo capito che al sindaco non interessa la questione dei migranti e la condizione di disagio che stanno vivendo pure i residenti. Confidiamo nell\u2019incontro che nei prossimi giorni ci sar\u00e0 con il prefetto e l\u2019assessore ai Servizi Sociali, sperando di trovare la soluzione alla delicata situazione&#8221;.<br \/>\n <div id=\"div-gpt-ad-Messinaoggi.it-DSK-300x250-corpoart\" style=\"text-align:center;margin:0 auto;\"><\/div><\/p>\n<div id=\"videoincontent\" style=\"clear:both\";><\/div>","protected":false},"excerpt":{"rendered":"<p>&#8220;Ennesimo tentativo di violazione di domicilio a Bisconte&#8221;: lo denunciano\u00a0i consiglieri, Alessandro Cacciotto (Terza Circoscrizione) Libero Gioveni e Nino Carreri (Consiglio comunale), che chiedono a gran voce l&#8217;intervento delle istituzioni cittadine. &#8220;Purtroppo &#8211; come ci riferiscono i residenti &#8211; c&#8217;\u00e8 stato l\u2019 ennesimo caso di tentata violazione di domicilio da parte di un gruppetto di [&hellip;]<\/p>\n","protected":false},"author":2,"featured_media":6299,"comment_status":"closed","ping_status":"open","sticky":false,"template":"","format":"standard","meta":{"ub_ctt_via":"","_mi_skip_tracking":false},"categories":[6],"tags":[],"featured_image_src":"https:\/\/www.messinaoggi.it\/website\/wp-content\/uploads\/2017\/08\/bisconte-2.jpg","author_info":{"display_name":"Redazione","author_link":"https:\/\/www.messinaoggi.it\/website\/author\/redazione\/"},"digistream_id":0,"digistream":false,"_links":{"self":[{"href":"https:\/\/www.messinaoggi.it\/website\/wp-json\/wp\/v2\/posts\/9764"}],"collection":[{"href":"https:\/\/www.messinaoggi.it\/website\/wp-json\/wp\/v2\/posts"}],"about":[{"href":"https:\/\/www.messinaoggi.it\/website\/wp-json\/wp\/v2\/types\/post"}],"author":[{"embeddable":true,"href":"https:\/\/www.messinaoggi.it\/website\/wp-json\/wp\/v2\/users\/2"}],"replies":[{"embeddable":true,"href":"https:\/\/www.messinaoggi.it\/website\/wp-json\/wp\/v2\/comments?post=9764"}],"version-history":[{"count":0,"href":"https:\/\/www.messinaoggi.it\/website\/wp-json\/wp\/v2\/posts\/9764\/revisions"}],"wp:featuredmedia":[{"embeddable":true,"href":"https:\/\/www.messinaoggi.it\/website\/wp-json\/wp\/v2\/media\/6299"}],"wp:attachment":[{"href":"https:\/\/www.messinaoggi.it\/website\/wp-json\/wp\/v2\/media?parent=9764"}],"wp:term":[{"taxonomy":"category","embeddable":true,"href":"https:\/\/www.messinaoggi.it\/website\/wp-json\/wp\/v2\/categories?post=9764"},{"taxonomy":"post_tag","embeddable":true,"href":"https:\/\/www.messinaoggi.it\/website\/wp-json\/wp\/v2\/tags?post=9764"}],"curies":[{"name":"wp","href":"https:\/\/api.w.org\/{rel}","templated":true}]}}