{"id":97519,"date":"2022-02-17T12:02:35","date_gmt":"2022-02-17T11:02:35","guid":{"rendered":"https:\/\/www.messinaoggi.it\/website\/2022\/02\/17\/attivato-hub-vaccinale-allaeroporto-di-palermo\/"},"modified":"2022-02-17T12:02:35","modified_gmt":"2022-02-17T11:02:35","slug":"attivato-hub-vaccinale-allaeroporto-di-palermo","status":"publish","type":"post","link":"https:\/\/www.messinaoggi.it\/website\/2022\/02\/17\/attivato-hub-vaccinale-allaeroporto-di-palermo\/","title":{"rendered":"Attivato Hub vaccinale all\u2019Aeroporto di Palermo"},"content":{"rendered":"<div>\n<p>PALERMO (ITALPRESS) \u2013 Un presidio vaccinale temporaneo all\u2019aeroporto Falcone Borsellino di Palermo. Su input della struttura commissariale per l\u2019emergenza covid e della Gesap, a partire da oggi \u00e8, stato attivato il servizio di vaccinazione all\u2019interno del terminal, nell\u2019area check in C. Un hub in continuit\u00e0 con le iniziative intraprese negli ultimi mesi per assicurare un servizio di prossimit\u00e0. L\u2019idea, per\u00f2, visto l\u2019immediato successo che ha riscosso, con diversi cittadini dei paesi limitrofi e viaggiatori che si sono sottoposti alla vaccinazione, \u00e8 quella di farlo diventare un punto fisso. \u201cL\u2019idea nasce dalla collaborazione con la struttura commissariale \u2013 spiega l\u2019amministratore delegato di Gesap, Giovanni Scalia \u2013 quando siamo fin da subito stati in prima linea con un covid center che garantiva tamponi a passeggeri e tutta la comunit\u00e0 aeroportuale. Abbiamo pensato di estendere questo servizio che momentaneamente \u00e8 temporaneo ma stiamo gi\u00e0 riflettendo se farlo diventare stabile. E\u2019 importante perch\u00e8 spesso arriva il passeggero che all\u2019ultimo secondo magari ha il green pass scaduto e avere la possibilit\u00e0 di vaccinarsi in aeroporto \u00e8 un grande servizio\u201d. <br \/>Orgoglioso del lavoro svolto anche il commissario per l\u2019emergenza covid nella provincia di Palermo, Renato Costa: \u201cLa nostra idea \u00e8 che l\u2019hub debba essere dinamico, non statico. Oggi \u00e8 un esperimento ma sono convinto domani annunceremo che l\u2019hub diventa stabile\u201d. Il servizio \u2013 in attesa di nuovi aggiornamenti \u2013 sar\u00e0 attivo oggi e domani dalle 10 alle 18.<br \/>(ITALPRESS).<div id=\"div-gpt-ad-Messinaoggi.it-DSK-300x250-corpoart\" style=\"text-align:center;margin:0 auto;\"><\/div><\/p>\n<\/div>\n<div id=\"videoincontent\" style=\"clear:both\";><\/div>","protected":false},"excerpt":{"rendered":"<p>PALERMO (ITALPRESS) \u2013 Un presidio vaccinale temporaneo all\u2019aeroporto Falcone Borsellino di Palermo. Su input della struttura commissariale per l\u2019emergenza covid e della Gesap, a partire da oggi \u00e8, stato attivato il servizio di vaccinazione all\u2019interno del terminal, nell\u2019area check in C. Un hub in continuit\u00e0 con le iniziative intraprese negli ultimi mesi per assicurare un [&hellip;]<\/p>\n","protected":false},"author":18,"featured_media":97520,"comment_status":"closed","ping_status":"closed","sticky":false,"template":"","format":"standard","meta":{"ub_ctt_via":"","_mi_skip_tracking":false},"categories":[2449],"tags":[783],"featured_image_src":"https:\/\/www.messinaoggi.it\/website\/wp-content\/uploads\/2022\/02\/20220217_0457.jpg","author_info":{"display_name":"Admin","author_link":"https:\/\/www.messinaoggi.it\/website\/author\/admin\/"},"digistream_id":0,"digistream":false,"_links":{"self":[{"href":"https:\/\/www.messinaoggi.it\/website\/wp-json\/wp\/v2\/posts\/97519"}],"collection":[{"href":"https:\/\/www.messinaoggi.it\/website\/wp-json\/wp\/v2\/posts"}],"about":[{"href":"https:\/\/www.messinaoggi.it\/website\/wp-json\/wp\/v2\/types\/post"}],"author":[{"embeddable":true,"href":"https:\/\/www.messinaoggi.it\/website\/wp-json\/wp\/v2\/users\/18"}],"replies":[{"embeddable":true,"href":"https:\/\/www.messinaoggi.it\/website\/wp-json\/wp\/v2\/comments?post=97519"}],"version-history":[{"count":0,"href":"https:\/\/www.messinaoggi.it\/website\/wp-json\/wp\/v2\/posts\/97519\/revisions"}],"wp:featuredmedia":[{"embeddable":true,"href":"https:\/\/www.messinaoggi.it\/website\/wp-json\/wp\/v2\/media\/97520"}],"wp:attachment":[{"href":"https:\/\/www.messinaoggi.it\/website\/wp-json\/wp\/v2\/media?parent=97519"}],"wp:term":[{"taxonomy":"category","embeddable":true,"href":"https:\/\/www.messinaoggi.it\/website\/wp-json\/wp\/v2\/categories?post=97519"},{"taxonomy":"post_tag","embeddable":true,"href":"https:\/\/www.messinaoggi.it\/website\/wp-json\/wp\/v2\/tags?post=97519"}],"curies":[{"name":"wp","href":"https:\/\/api.w.org\/{rel}","templated":true}]}}