{"id":97472,"date":"2022-02-16T19:57:32","date_gmt":"2022-02-16T18:57:32","guid":{"rendered":"http:\/\/www.messinaoggi.it\/website\/?p=97472"},"modified":"2022-02-16T19:58:24","modified_gmt":"2022-02-16T18:58:24","slug":"lotta-al-covid-lesercito-in-prima-linea-nelle-vaccinazioni","status":"publish","type":"post","link":"https:\/\/www.messinaoggi.it\/website\/2022\/02\/16\/lotta-al-covid-lesercito-in-prima-linea-nelle-vaccinazioni\/","title":{"rendered":"Lotta al Covid, l&#8217;Esercito in prima linea nelle vaccinazioni"},"content":{"rendered":"\n<p>L&#8217;Esercito italiano in prima linea nella lotta al Covid. Da ottobre,  i militari sono impegnati nell\u2019ambito dell\u2019operazione &#8220;Eos&#8221; grazie alla quale, attraverso i presidi vaccinali mobili della difesa), \u00e8 stato possibile raggiungere i comuni pi\u00f9 lontani della provincia di Messina per dare la possibilit\u00e0 a ogni cittadino di aderire alla campagna vaccinale denominata \u201cFast Vax\u201d. Le giornate dedicate alle vaccinazioni sono state organizzate dai diversi comuni che hanno comunicato all\u2019Asp di Messina i numeri dei cittadini da vaccinare e ne hanno reso possibile la somministrazione mettendo a disposizione locali quali palestre, biblioteche, sale consiliari. Il Ministero della Difesa ha messo in campo preziose professionalit\u00e0 quali medici, infermieri e conduttori per supportare e incrementare il numero di vaccinazioni giornaliere.<br>Tra i luoghi raggiunti: Messina, Fiumedinisi, Tusa, Falcone, Gallodoro, Montalbano Elicona, Francavilla, Santa Domenica di Vittoria, Gaggi, Castelmola, Al\u00ec, Mojo Alcantara, Antillo, Pagliara, Scaletta, Venetico, Mandanici, Castel di Lucio, Giardini, Pettineo, Limina, Valdina, Roccalumera, San Teodoro, Mongiuffi, Taormina, Roccafiorita, Santa Teresa di Riva, Al\u00ec Terme, Graniti, Trappitello, Furci Siculo, Furnari, Campogrande. Un grande successo, considerando che la provincia di Messina comprende ben 108 comuni.<br>I diversi sindaci hanno espresso il loro ringraziamento verso i soldati inviati dal Generale Figliuolo. La cittadinanza ha apprezzato la presenza dei militari sentendosi pi\u00f9 sicuri nel momento dell\u2019anamnesi e della somministrazione del vaccino. Quello che \u00e8 maggiormente prevalso \u00e8 stato il lato umano. Le preoccupazioni dei cittadini sono state neutralizzate dalla disponibilit\u00e0, la cortesia e la determinazione dei militari e del personale dell\u2019Asp di Messina, della Protezione civile, della Croce Rossa Italiana che hanno cooperato per il bene della comunit\u00e0. \u00c8 stato un chiaro esempio di cooperazione tra istituzioni il cui successo \u00e8 stato determinato dal gioco di squadra e dallo spirito di sacrificio.<div id=\"div-gpt-ad-Messinaoggi.it-DSK-300x250-corpoart\" style=\"text-align:center;margin:0 auto;\"><\/div><\/p>\n<div id=\"videoincontent\" style=\"clear:both\";><\/div>","protected":false},"excerpt":{"rendered":"<p>L&#8217;Esercito italiano in prima linea nella lotta al Covid. Da ottobre, i militari sono impegnati nell\u2019ambito dell\u2019operazione &#8220;Eos&#8221; grazie alla quale, attraverso i presidi vaccinali mobili della difesa), \u00e8 stato possibile raggiungere i comuni pi\u00f9 lontani della provincia di Messina per dare la possibilit\u00e0 a ogni cittadino di aderire alla campagna vaccinale denominata \u201cFast Vax\u201d. [&hellip;]<\/p>\n","protected":false},"author":4,"featured_media":97473,"comment_status":"open","ping_status":"open","sticky":false,"template":"","format":"standard","meta":{"ub_ctt_via":"","_mi_skip_tracking":false},"categories":[221],"tags":[227,569],"featured_image_src":"https:\/\/www.messinaoggi.it\/website\/wp-content\/uploads\/2022\/02\/IMG-20220216-WA0050.jpg","author_info":{"display_name":"redme","author_link":"https:\/\/www.messinaoggi.it\/website\/author\/redme\/"},"digistream_id":0,"digistream":false,"_links":{"self":[{"href":"https:\/\/www.messinaoggi.it\/website\/wp-json\/wp\/v2\/posts\/97472"}],"collection":[{"href":"https:\/\/www.messinaoggi.it\/website\/wp-json\/wp\/v2\/posts"}],"about":[{"href":"https:\/\/www.messinaoggi.it\/website\/wp-json\/wp\/v2\/types\/post"}],"author":[{"embeddable":true,"href":"https:\/\/www.messinaoggi.it\/website\/wp-json\/wp\/v2\/users\/4"}],"replies":[{"embeddable":true,"href":"https:\/\/www.messinaoggi.it\/website\/wp-json\/wp\/v2\/comments?post=97472"}],"version-history":[{"count":2,"href":"https:\/\/www.messinaoggi.it\/website\/wp-json\/wp\/v2\/posts\/97472\/revisions"}],"predecessor-version":[{"id":97475,"href":"https:\/\/www.messinaoggi.it\/website\/wp-json\/wp\/v2\/posts\/97472\/revisions\/97475"}],"wp:featuredmedia":[{"embeddable":true,"href":"https:\/\/www.messinaoggi.it\/website\/wp-json\/wp\/v2\/media\/97473"}],"wp:attachment":[{"href":"https:\/\/www.messinaoggi.it\/website\/wp-json\/wp\/v2\/media?parent=97472"}],"wp:term":[{"taxonomy":"category","embeddable":true,"href":"https:\/\/www.messinaoggi.it\/website\/wp-json\/wp\/v2\/categories?post=97472"},{"taxonomy":"post_tag","embeddable":true,"href":"https:\/\/www.messinaoggi.it\/website\/wp-json\/wp\/v2\/tags?post=97472"}],"curies":[{"name":"wp","href":"https:\/\/api.w.org\/{rel}","templated":true}]}}