{"id":97408,"date":"2022-02-16T14:10:46","date_gmt":"2022-02-16T13:10:46","guid":{"rendered":"http:\/\/www.messinaoggi.it\/website\/?p=97408"},"modified":"2022-02-16T14:44:08","modified_gmt":"2022-02-16T13:44:08","slug":"forza-italia-messina-merita-un-sindaco-piu-inclusivo","status":"publish","type":"post","link":"https:\/\/www.messinaoggi.it\/website\/2022\/02\/16\/forza-italia-messina-merita-un-sindaco-piu-inclusivo\/","title":{"rendered":"Forza Italia: &#8220;Messina merita un sindaco pi\u00f9 inclusivo&#8221;"},"content":{"rendered":"\n<p>&#8220;Forza Italia oggi \u00e8 l\u2019unica compagine moderata che all\u2019interno del centrodestra riesce ad aggregare&#8221;: lo afferma in una nota la deputata e coordinatrice di Forza Italia per la provincia di Messina, Bernardette Grasso. &#8220;Ecco perch\u00e9 con la condivisione degli alleati, pu\u00f2 esprimere il nome del candidato sindaco alle prossime amministrative di Messina &#8211; a seguito della conclusione anticipata del mandato di Cateno De Luca. Serve un nome autorevole, che dia fiducia e freschezza. Non possiamo pi\u00f9 permetterci che a Messina &#8211; che \u00e8 anche citt\u00e0 metropolitana &#8211; ci siano forti contrasti e divisioni. Il nuovo sindaco deve essere pi\u00f9 inclusivo. Il momento \u00e8 delicato, da qui al 2026 saremo impegnati nella spesa delle risorse provenienti dal Pnrr e Messina, non pu\u00f2 essere tagliata fuori per la mancanza di un dialogo istituzionale. Forza Italia pertanto si far\u00e0 promotrice di un tavolo regionale dal quale usciranno le indicazioni per tutti i partiti della coalizione. Un ragionamento condiviso, in cui anche a Messina, Forza Italia sar\u00e0 trainante. Un ragionamento che dovr\u00e0 comunque coinvolgere non solo la sfera politica, ma anche quella sociale, del civismo e dell\u2019associazionismo. Da parte nostra siamo pronti a esprimere un nome che potrebbe essere quello di Matilde Siracusano, una messinese e deputata che ha maturato esperienza in Parlamento; che si \u00e8 sempre battuta per le istanze locali, conoscendo i problemi della citt\u00e0. Siamo pronti al dialogo. Lo dobbiamo come atto di responsabilit\u00e0 verso i messinesi e verso le nuove generazioni, che non possono continuare a ricercare altrove il proprio futuro. Devono costruirlo nella propria Terra&#8221;.<div id=\"div-gpt-ad-Messinaoggi.it-DSK-300x250-corpoart\" style=\"text-align:center;margin:0 auto;\"><\/div><\/p>\n<div id=\"videoincontent\" style=\"clear:both\";><\/div>","protected":false},"excerpt":{"rendered":"<p>&#8220;Forza Italia oggi \u00e8 l\u2019unica compagine moderata che all\u2019interno del centrodestra riesce ad aggregare&#8221;: lo afferma in una nota la deputata e coordinatrice di Forza Italia per la provincia di Messina, Bernardette Grasso. &#8220;Ecco perch\u00e9 con la condivisione degli alleati, pu\u00f2 esprimere il nome del candidato sindaco alle prossime amministrative di Messina &#8211; a seguito [&hellip;]<\/p>\n","protected":false},"author":4,"featured_media":2211,"comment_status":"open","ping_status":"open","sticky":false,"template":"","format":"standard","meta":{"ub_ctt_via":"","_mi_skip_tracking":false},"categories":[4],"tags":[1290],"featured_image_src":"https:\/\/www.messinaoggi.it\/website\/wp-content\/uploads\/2017\/06\/grasso-bernadette-deputato-2.jpg","author_info":{"display_name":"redme","author_link":"https:\/\/www.messinaoggi.it\/website\/author\/redme\/"},"digistream_id":0,"digistream":false,"_links":{"self":[{"href":"https:\/\/www.messinaoggi.it\/website\/wp-json\/wp\/v2\/posts\/97408"}],"collection":[{"href":"https:\/\/www.messinaoggi.it\/website\/wp-json\/wp\/v2\/posts"}],"about":[{"href":"https:\/\/www.messinaoggi.it\/website\/wp-json\/wp\/v2\/types\/post"}],"author":[{"embeddable":true,"href":"https:\/\/www.messinaoggi.it\/website\/wp-json\/wp\/v2\/users\/4"}],"replies":[{"embeddable":true,"href":"https:\/\/www.messinaoggi.it\/website\/wp-json\/wp\/v2\/comments?post=97408"}],"version-history":[{"count":1,"href":"https:\/\/www.messinaoggi.it\/website\/wp-json\/wp\/v2\/posts\/97408\/revisions"}],"predecessor-version":[{"id":97409,"href":"https:\/\/www.messinaoggi.it\/website\/wp-json\/wp\/v2\/posts\/97408\/revisions\/97409"}],"wp:featuredmedia":[{"embeddable":true,"href":"https:\/\/www.messinaoggi.it\/website\/wp-json\/wp\/v2\/media\/2211"}],"wp:attachment":[{"href":"https:\/\/www.messinaoggi.it\/website\/wp-json\/wp\/v2\/media?parent=97408"}],"wp:term":[{"taxonomy":"category","embeddable":true,"href":"https:\/\/www.messinaoggi.it\/website\/wp-json\/wp\/v2\/categories?post=97408"},{"taxonomy":"post_tag","embeddable":true,"href":"https:\/\/www.messinaoggi.it\/website\/wp-json\/wp\/v2\/tags?post=97408"}],"curies":[{"name":"wp","href":"https:\/\/api.w.org\/{rel}","templated":true}]}}