{"id":9739,"date":"2017-10-16T15:38:33","date_gmt":"2017-10-16T13:38:33","guid":{"rendered":"http:\/\/www.messinaoggi.it\/website\/?p=9739"},"modified":"2017-10-16T15:38:33","modified_gmt":"2017-10-16T13:38:33","slug":"al-via-sabato-quartieri-in-movimento-liniziativa-per-valorizzare-le-periferie","status":"publish","type":"post","link":"https:\/\/www.messinaoggi.it\/website\/2017\/10\/16\/al-via-sabato-quartieri-in-movimento-liniziativa-per-valorizzare-le-periferie\/","title":{"rendered":"Al via sabato &#039;Quartieri in movimento&#039;, l&#039;iniziativa per valorizzare le periferie"},"content":{"rendered":"<p style=\"text-align: justify\"><span style=\"font-family: Arial, sans-serif\">Riconquistare spazi di quartiere poco utilizzati o abbandonati per renderli luoghi di aggregazione, dando cos\u00ec ai medesimi anche maggiore fruibilit\u00e0 e decoro. \u00c8 questo l&#8217;obiettivo che si pone &#8220;Quartieri in movimento&#8221;, l&#8217;iniziativa in programma sabato 21 in via del Santo nell\u2019area riservata al parcheggio della Palmara.<\/span><div id=\"div-gpt-ad-Messinaoggi.it-DSK-300x250-corpoart\" style=\"text-align:center;margin:0 auto;\"><\/div><\/p>\n<p style=\"text-align: justify\">\u201c<span style=\"font-family: Arial, sans-serif\">Quartieri in Movimento \u2013 hanno dichiarato gli assessori Alagna, Ialacqua e Santisi che hanno presentato questa mattina l&#8217;iniziativa\u00a0a Palazzo Zanca \u2013 \u00e8 una delle dieci attivit\u00e0 del Transeuropa Festival, organizzata da European Alternatives e cofinanziata dalla Commissione Europea, e rientra nel progetto per la riqualificazione partecipata di quartieri e spazi pubblici al fine di renderli vivibili attraverso la partecipazione della cittadinanza.<\/span><div id=\"videoincontent\" style=\"clear:both\";><\/div><\/p>\n<p style=\"text-align: justify\"><span style=\"font-family: Arial, sans-serif\">Rivolgiamo il nostro ringraziamento alle realt\u00e0 territoriali, che si sono messe in gioco; siamo certi che per il cittadino non sar\u00e0 il solo utilizzo di uno spazio, ma si tratter\u00e0 invece del suo coinvolgimento diretto attraverso un ruolo da protagonista e non da semplice fruitore. Sabato sar\u00e0 una festa, ma anche una giornata di riflessione sociale e quindi momento di confronto&#8221;.<\/span><\/p>\n<p style=\"text-align: justify\"><span style=\"font-family: Arial, sans-serif\">Il programma di \u201cQuartieri in Movimento\u201d prevede sabato 21, alle ore 15.30, l\u2019apertura con spettacolo e animazione per bambini. Alle 16.30, momento artistico a cura degli attori del Teatro dei Naviganti e degli artisti del rione Palmara (Pippo Venuto e Nunzio Croce), con la partecipazione di Carmelo Geraci e della scuola di danza New Alma Crew, MMI modern music institute. Alle 18, riflessione e confronto tra i quartieri coinvolti nel progetto di trasformazione urbana partecipata e alle 19 conclusione con l\u2019aperitivo popolare.<\/span><\/p>\n","protected":false},"excerpt":{"rendered":"<p>Riconquistare spazi di quartiere poco utilizzati o abbandonati per renderli luoghi di aggregazione, dando cos\u00ec ai medesimi anche maggiore fruibilit\u00e0 e decoro. \u00c8 questo l&#8217;obiettivo che si pone &#8220;Quartieri in movimento&#8221;, l&#8217;iniziativa in programma sabato 21 in via del Santo nell\u2019area riservata al parcheggio della Palmara. \u201cQuartieri in Movimento \u2013 hanno dichiarato gli assessori Alagna, [&hellip;]<\/p>\n","protected":false},"author":8,"featured_media":2496,"comment_status":"closed","ping_status":"open","sticky":false,"template":"","format":"standard","meta":{"ub_ctt_via":"","_mi_skip_tracking":false},"categories":[5],"tags":[],"featured_image_src":"https:\/\/www.messinaoggi.it\/website\/wp-content\/uploads\/2017\/06\/Palazzo-Zanca-2-2.jpg","author_info":{"display_name":"red..me","author_link":"https:\/\/www.messinaoggi.it\/website\/author\/redstage\/"},"digistream_id":0,"digistream":false,"_links":{"self":[{"href":"https:\/\/www.messinaoggi.it\/website\/wp-json\/wp\/v2\/posts\/9739"}],"collection":[{"href":"https:\/\/www.messinaoggi.it\/website\/wp-json\/wp\/v2\/posts"}],"about":[{"href":"https:\/\/www.messinaoggi.it\/website\/wp-json\/wp\/v2\/types\/post"}],"author":[{"embeddable":true,"href":"https:\/\/www.messinaoggi.it\/website\/wp-json\/wp\/v2\/users\/8"}],"replies":[{"embeddable":true,"href":"https:\/\/www.messinaoggi.it\/website\/wp-json\/wp\/v2\/comments?post=9739"}],"version-history":[{"count":0,"href":"https:\/\/www.messinaoggi.it\/website\/wp-json\/wp\/v2\/posts\/9739\/revisions"}],"wp:featuredmedia":[{"embeddable":true,"href":"https:\/\/www.messinaoggi.it\/website\/wp-json\/wp\/v2\/media\/2496"}],"wp:attachment":[{"href":"https:\/\/www.messinaoggi.it\/website\/wp-json\/wp\/v2\/media?parent=9739"}],"wp:term":[{"taxonomy":"category","embeddable":true,"href":"https:\/\/www.messinaoggi.it\/website\/wp-json\/wp\/v2\/categories?post=9739"},{"taxonomy":"post_tag","embeddable":true,"href":"https:\/\/www.messinaoggi.it\/website\/wp-json\/wp\/v2\/tags?post=9739"}],"curies":[{"name":"wp","href":"https:\/\/api.w.org\/{rel}","templated":true}]}}